{"id":41641,"date":"2022-03-21T11:32:00","date_gmt":"2022-03-21T14:32:00","guid":{"rendered":"https:\/\/www.portalalerta.com.br\/?p=41641"},"modified":"2022-03-20T23:38:44","modified_gmt":"2022-03-21T02:38:44","slug":"alunas-comecam-a-receber-absorventes-da-lei-municipal-de-dignidade-feminina-em-ribeira-do-pombal-ba","status":"publish","type":"post","link":"https:\/\/www.portalalerta.com.br\/index.php\/2022\/03\/21\/alunas-comecam-a-receber-absorventes-da-lei-municipal-de-dignidade-feminina-em-ribeira-do-pombal-ba\/","title":{"rendered":"Alunas come\u00e7am a receber absorventes da Lei Municipal de Dignidade Feminina, em Ribeira do Pombal-BA"},"content":{"rendered":"\n<p>Nessa segunda-feira (21), a Secretaria de Educa\u00e7\u00e3o come\u00e7ou a distribuir absorventes higi\u00eanicos entre as alunas com doze anos ou mais, matriculadas nas escolas da rede. A a\u00e7\u00e3o \u00e9 objeto da Lei Municipal n\u00ba 844\/2021, aprovada pela C\u00e2mara de Vereadores, que disponibiliza recursos pr\u00f3prios do munic\u00edpio para esse fim.<\/p>\n\n\n\n<!--more-->\n\n\n\n<div class=\"wp-block-image\"><figure class=\"alignleft size-full is-resized\"><img fetchpriority=\"high\" decoding=\"async\" src=\"https:\/\/www.portalalerta.com.br\/wp-content\/uploads\/2021\/04\/ELAB.jpg\" alt=\"\" class=\"wp-image-34795\" width=\"418\" height=\"334\" srcset=\"https:\/\/www.portalalerta.com.br\/wp-content\/uploads\/2021\/04\/ELAB.jpg 1000w, https:\/\/www.portalalerta.com.br\/wp-content\/uploads\/2021\/04\/ELAB-300x240.jpg 300w, https:\/\/www.portalalerta.com.br\/wp-content\/uploads\/2021\/04\/ELAB-768x614.jpg 768w, https:\/\/www.portalalerta.com.br\/wp-content\/uploads\/2021\/04\/ELAB-183x146.jpg 183w, https:\/\/www.portalalerta.com.br\/wp-content\/uploads\/2021\/04\/ELAB-50x40.jpg 50w, https:\/\/www.portalalerta.com.br\/wp-content\/uploads\/2021\/04\/ELAB-94x75.jpg 94w\" sizes=\"(max-width: 418px) 100vw, 418px\" \/><\/figure><\/div>\n\n\n\n<p>Com a Lei de Dignidade Feminina, como ficou conhecida, Ribeira do Pombal se torna um dos poucos munic\u00edpios da regi\u00e3o com essa pol\u00edtica p\u00fablica. A Secret\u00e1ria de Educa\u00e7\u00e3o, Aline Silva, falou sobre o novo programa: <strong><em>\u201cFicamos felizes com a sensibilidade da Prefeitura que nos permite proporcionar mais dignidade as essas meninas, que muitas vezes t\u00eam dificuldades em permanecer na escola por alguns dias no m\u00eas, por causa de quest\u00f5es de necessidade b\u00e1sica da higiene pessoal da mulher\u201d<\/em><\/strong>, disse.<\/p>\n\n\n\n<p><em>Fonte: SECOM\/ Ribeira do Pombal<\/em><\/p>\n","protected":false},"excerpt":{"rendered":"<p>Nessa segunda-feira (21), a Secretaria de Educa\u00e7\u00e3o come\u00e7ou a distribuir absorventes higi\u00eanicos entre as alunas com doze anos ou mais, matriculadas nas escolas da rede. A a\u00e7\u00e3o \u00e9 objeto da Lei Municipal n\u00ba 844\/2021, aprovada pela C\u00e2mara de Vereadores, que disponibiliza recursos pr\u00f3prios do munic\u00edpio para esse fim.<\/p>\n","protected":false},"author":2,"featured_media":41642,"comment_status":"open","ping_status":"open","sticky":false,"template":"","format":"standard","meta":{"om_disable_all_campaigns":false,"_monsterinsights_skip_tracking":false,"_monsterinsights_sitenote_active":false,"_monsterinsights_sitenote_note":"","_monsterinsights_sitenote_category":0,"footnotes":""},"categories":[70,20,69,32,3,19],"tags":[5083,140,145,47],"class_list":["post-41641","post","type-post","status-publish","format-standard","has-post-thumbnail","hentry","category-destaques","category-educacao","category-noticias2","category-regiao","category-ribeira-do-pombal","category-saude","tag-absorventes","tag-educacao","tag-prefeitura","tag-ribeira-do-pombal"],"aioseo_notices":[],"_links":{"self":[{"href":"https:\/\/www.portalalerta.com.br\/index.php\/wp-json\/wp\/v2\/posts\/41641","targetHints":{"allow":["GET"]}}],"collection":[{"href":"https:\/\/www.portalalerta.com.br\/index.php\/wp-json\/wp\/v2\/posts"}],"about":[{"href":"https:\/\/www.portalalerta.com.br\/index.php\/wp-json\/wp\/v2\/types\/post"}],"author":[{"embeddable":true,"href":"https:\/\/www.portalalerta.com.br\/index.php\/wp-json\/wp\/v2\/users\/2"}],"replies":[{"embeddable":true,"href":"https:\/\/www.portalalerta.com.br\/index.php\/wp-json\/wp\/v2\/comments?post=41641"}],"version-history":[{"count":1,"href":"https:\/\/www.portalalerta.com.br\/index.php\/wp-json\/wp\/v2\/posts\/41641\/revisions"}],"predecessor-version":[{"id":41643,"href":"https:\/\/www.portalalerta.com.br\/index.php\/wp-json\/wp\/v2\/posts\/41641\/revisions\/41643"}],"wp:featuredmedia":[{"embeddable":true,"href":"https:\/\/www.portalalerta.com.br\/index.php\/wp-json\/wp\/v2\/media\/41642"}],"wp:attachment":[{"href":"https:\/\/www.portalalerta.com.br\/index.php\/wp-json\/wp\/v2\/media?parent=41641"}],"wp:term":[{"taxonomy":"category","embeddable":true,"href":"https:\/\/www.portalalerta.com.br\/index.php\/wp-json\/wp\/v2\/categories?post=41641"},{"taxonomy":"post_tag","embeddable":true,"href":"https:\/\/www.portalalerta.com.br\/index.php\/wp-json\/wp\/v2\/tags?post=41641"}],"curies":[{"name":"wp","href":"https:\/\/api.w.org\/{rel}","templated":true}]}}