{"id":41649,"date":"2022-03-21T18:01:00","date_gmt":"2022-03-21T21:01:00","guid":{"rendered":"https:\/\/www.portalalerta.com.br\/?p=41649"},"modified":"2022-03-21T00:07:47","modified_gmt":"2022-03-21T03:07:47","slug":"familiares-procuram-homem-de-45-anos-desaparecido-em-araci-ba","status":"publish","type":"post","link":"https:\/\/www.portalalerta.com.br\/index.php\/2022\/03\/21\/familiares-procuram-homem-de-45-anos-desaparecido-em-araci-ba\/","title":{"rendered":"Familiares procuram homem de 45 anos desaparecido em Araci-BA"},"content":{"rendered":"\n<p>Jailson Silva dos Santos, de 45 anos, est\u00e1 desaparecido desde o \u00faltimo s\u00e1bado (19), e sua fam\u00edlia est\u00e1 buscando informa\u00e7\u00f5es do seu paradeiro.<\/p>\n\n\n\n<!--more-->\n\n\n\n<p>Segundo relatos, ele saiu por volta das 17h do bairro do Coqueiro para levar seu sobrinho at\u00e9 o bairro do Riacho, e n\u00e3o retornou mais para sua casa. Para mais informa\u00e7\u00f5es sobre o paradeiro entre em contato: (75) 99160-1462.<\/p>\n\n\n\n<p><em>Fonte: A Voz do Campo<\/em><\/p>\n","protected":false},"excerpt":{"rendered":"<p>Jailson Silva dos Santos, de 45 anos, est\u00e1 desaparecido desde o \u00faltimo s\u00e1bado (19), e sua fam\u00edlia est\u00e1 buscando informa\u00e7\u00f5es do seu paradeiro.<\/p>\n","protected":false},"author":2,"featured_media":41651,"comment_status":"open","ping_status":"open","sticky":false,"template":"","format":"standard","meta":{"om_disable_all_campaigns":false,"_monsterinsights_skip_tracking":false,"_monsterinsights_sitenote_active":false,"_monsterinsights_sitenote_note":"","_monsterinsights_sitenote_category":0,"footnotes":""},"categories":[41,70,69,32,22],"tags":[48,1226],"class_list":["post-41649","post","type-post","status-publish","format-standard","has-post-thumbnail","hentry","category-araci","category-destaques","category-noticias2","category-regiao","category-seguranca","tag-araci","tag-desaparecido"],"aioseo_notices":[],"_links":{"self":[{"href":"https:\/\/www.portalalerta.com.br\/index.php\/wp-json\/wp\/v2\/posts\/41649","targetHints":{"allow":["GET"]}}],"collection":[{"href":"https:\/\/www.portalalerta.com.br\/index.php\/wp-json\/wp\/v2\/posts"}],"about":[{"href":"https:\/\/www.portalalerta.com.br\/index.php\/wp-json\/wp\/v2\/types\/post"}],"author":[{"embeddable":true,"href":"https:\/\/www.portalalerta.com.br\/index.php\/wp-json\/wp\/v2\/users\/2"}],"replies":[{"embeddable":true,"href":"https:\/\/www.portalalerta.com.br\/index.php\/wp-json\/wp\/v2\/comments?post=41649"}],"version-history":[{"count":1,"href":"https:\/\/www.portalalerta.com.br\/index.php\/wp-json\/wp\/v2\/posts\/41649\/revisions"}],"predecessor-version":[{"id":41652,"href":"https:\/\/www.portalalerta.com.br\/index.php\/wp-json\/wp\/v2\/posts\/41649\/revisions\/41652"}],"wp:featuredmedia":[{"embeddable":true,"href":"https:\/\/www.portalalerta.com.br\/index.php\/wp-json\/wp\/v2\/media\/41651"}],"wp:attachment":[{"href":"https:\/\/www.portalalerta.com.br\/index.php\/wp-json\/wp\/v2\/media?parent=41649"}],"wp:term":[{"taxonomy":"category","embeddable":true,"href":"https:\/\/www.portalalerta.com.br\/index.php\/wp-json\/wp\/v2\/categories?post=41649"},{"taxonomy":"post_tag","embeddable":true,"href":"https:\/\/www.portalalerta.com.br\/index.php\/wp-json\/wp\/v2\/tags?post=41649"}],"curies":[{"name":"wp","href":"https:\/\/api.w.org\/{rel}","templated":true}]}}