{"id":41653,"date":"2022-03-21T18:02:00","date_gmt":"2022-03-21T21:02:00","guid":{"rendered":"https:\/\/www.portalalerta.com.br\/?p=41653"},"modified":"2022-03-21T00:31:17","modified_gmt":"2022-03-21T03:31:17","slug":"policial-mineiro-e-preso-com-armas-de-grande-impacto-na-bahia","status":"publish","type":"post","link":"https:\/\/www.portalalerta.com.br\/index.php\/2022\/03\/21\/policial-mineiro-e-preso-com-armas-de-grande-impacto-na-bahia\/","title":{"rendered":"Policial mineiro \u00e9 preso com armas de grande impacto na Bahia"},"content":{"rendered":"\n<p>Homem foi entregue a uma equipe da PM de Minas Gerais, que j\u00e1 aguardava o militar<\/p>\n\n\n\n<!--more-->\n\n\n\n<p>Um arsenal de duas unidades da Pol\u00edcia Militar no estado de Minas Gerais foi furtado por um cabo da PM, que fugiu para o extremo sul da Bahia. O homem foi localizado no fim da tarde desse s\u00e1bado, 19, no centro de Porto Seguro.<\/p>\n\n\n\n<div class=\"wp-block-image\"><figure class=\"aligncenter size-full\"><img fetchpriority=\"high\" decoding=\"async\" width=\"720\" height=\"181\" src=\"https:\/\/www.portalalerta.com.br\/wp-content\/uploads\/2018\/02\/Auto-Escola-Nobre.jpg\" alt=\"\" class=\"wp-image-4869\" srcset=\"https:\/\/www.portalalerta.com.br\/wp-content\/uploads\/2018\/02\/Auto-Escola-Nobre.jpg 720w, https:\/\/www.portalalerta.com.br\/wp-content\/uploads\/2018\/02\/Auto-Escola-Nobre-260x65.jpg 260w, https:\/\/www.portalalerta.com.br\/wp-content\/uploads\/2018\/02\/Auto-Escola-Nobre-50x13.jpg 50w, https:\/\/www.portalalerta.com.br\/wp-content\/uploads\/2018\/02\/Auto-Escola-Nobre-150x38.jpg 150w\" sizes=\"(max-width: 720px) 100vw, 720px\" \/><\/figure><\/div>\n\n\n\n<p>Um v\u00eddeo de c\u00e2mera de seguran\u00e7a mostra o momento em que o policial \u00e9 preso por uma equipe do 8\u00ba Batalh\u00e3o de Pol\u00edcia Militar.<\/p>\n\n\n\n<p>Com ele, foram apreendidos fuzis, metralhadoras, carabinas, espingardas e pistolas, al\u00e9m de muni\u00e7\u00e3o, granadas, coletes antibal\u00edstico e outros apetrechos militares. As armas s\u00e3o de grande impacto e utilizadas, inclusive, em confronto com quadrilhadas especializadas em roubo e explos\u00f5es de bancos.<\/p>\n\n\n\n<p>O cabo furtou o material b\u00e9lico dos quarteis da PM nas cidades de Machacalis e Umburatiba, que ficam a menos de 30 quil\u00f4metros de dist\u00e2ncia.<\/p>\n\n\n\n<p>Ap\u00f3s o furto, o militar se deslocou em um ve\u00edculo para o munic\u00edpio de Teixeira de Freitas, extremo sul baiano. Na cidade o policial abandonou o ve\u00edculo em uma rua do centro, ap\u00f3s ter transferido as armas para um outro autom\u00f3vel, com o qual se deslocou por mais 220 quil\u00f4metros at\u00e9 Porto Seguro, onde foi detido.<\/p>\n\n\n\n<p>O policial foi entregue a uma equipe de policiais da PM mineira, que j\u00e1 se encontrava na regi\u00e3o \u00e0 espera do militar.<\/p>\n\n\n\n<p>A pol\u00edcia investiga se o cabo planejava algum atentado ou se teria tido um surto.<\/p>\n\n\n\n<p><em>Fonte: A Tarde<\/em><\/p>\n","protected":false},"excerpt":{"rendered":"<p>Homem foi entregue a uma equipe da PM de Minas Gerais, que j\u00e1 aguardava o militar<\/p>\n","protected":false},"author":2,"featured_media":41654,"comment_status":"open","ping_status":"open","sticky":false,"template":"","format":"standard","meta":{"om_disable_all_campaigns":false,"_monsterinsights_skip_tracking":false,"_monsterinsights_sitenote_active":false,"_monsterinsights_sitenote_note":"","_monsterinsights_sitenote_category":0,"footnotes":""},"categories":[33,34,70,69,22],"tags":[54,93,357,79,504,77,651],"class_list":["post-41653","post","type-post","status-publish","format-standard","has-post-thumbnail","hentry","category-bahia","category-brasil","category-destaques","category-noticias2","category-seguranca","tag-bahia","tag-brasil","tag-minas-gerais","tag-policia-militar","tag-policial","tag-preso","tag-trafico-de-armas"],"aioseo_notices":[],"_links":{"self":[{"href":"https:\/\/www.portalalerta.com.br\/index.php\/wp-json\/wp\/v2\/posts\/41653","targetHints":{"allow":["GET"]}}],"collection":[{"href":"https:\/\/www.portalalerta.com.br\/index.php\/wp-json\/wp\/v2\/posts"}],"about":[{"href":"https:\/\/www.portalalerta.com.br\/index.php\/wp-json\/wp\/v2\/types\/post"}],"author":[{"embeddable":true,"href":"https:\/\/www.portalalerta.com.br\/index.php\/wp-json\/wp\/v2\/users\/2"}],"replies":[{"embeddable":true,"href":"https:\/\/www.portalalerta.com.br\/index.php\/wp-json\/wp\/v2\/comments?post=41653"}],"version-history":[{"count":1,"href":"https:\/\/www.portalalerta.com.br\/index.php\/wp-json\/wp\/v2\/posts\/41653\/revisions"}],"predecessor-version":[{"id":41655,"href":"https:\/\/www.portalalerta.com.br\/index.php\/wp-json\/wp\/v2\/posts\/41653\/revisions\/41655"}],"wp:featuredmedia":[{"embeddable":true,"href":"https:\/\/www.portalalerta.com.br\/index.php\/wp-json\/wp\/v2\/media\/41654"}],"wp:attachment":[{"href":"https:\/\/www.portalalerta.com.br\/index.php\/wp-json\/wp\/v2\/media?parent=41653"}],"wp:term":[{"taxonomy":"category","embeddable":true,"href":"https:\/\/www.portalalerta.com.br\/index.php\/wp-json\/wp\/v2\/categories?post=41653"},{"taxonomy":"post_tag","embeddable":true,"href":"https:\/\/www.portalalerta.com.br\/index.php\/wp-json\/wp\/v2\/tags?post=41653"}],"curies":[{"name":"wp","href":"https:\/\/api.w.org\/{rel}","templated":true}]}}