{"id":41656,"date":"2022-03-21T18:03:00","date_gmt":"2022-03-21T21:03:00","guid":{"rendered":"https:\/\/www.portalalerta.com.br\/?p=41656"},"modified":"2022-03-21T00:27:55","modified_gmt":"2022-03-21T03:27:55","slug":"sete-municipios-da-regiao-do-sisal-zeram-casos-ativos-de-covid-19-tucano-esta-entre-eles","status":"publish","type":"post","link":"https:\/\/www.portalalerta.com.br\/index.php\/2022\/03\/21\/sete-municipios-da-regiao-do-sisal-zeram-casos-ativos-de-covid-19-tucano-esta-entre-eles\/","title":{"rendered":"Sete munic\u00edpios da regi\u00e3o do Sisal zeram casos ativos de Covid-19 \u2013 Tucano est\u00e1 entre eles"},"content":{"rendered":"\n<p><em>Queda no n\u00famero de casos permitiu ao Governo do Estado autorizar a realiza\u00e7\u00e3o de eventos sem limite de p\u00fablico.<\/em><\/p>\n\n\n\n<!--more-->\n\n\n\n<p>Depois de um \u201cboom\u201d de casos de Covid-19 no in\u00edcio do ano, em decorr\u00eancia da variante \u00d4micron, os n\u00fameros voltaram a cair e, como reflexo positivo, diversos munic\u00edpios est\u00e3o conseguindo zerar os casos ativos.<\/p>\n\n\n\n<div class=\"wp-block-image\"><figure class=\"alignleft size-full is-resized\"><img fetchpriority=\"high\" decoding=\"async\" src=\"https:\/\/www.portalalerta.com.br\/wp-content\/uploads\/2021\/04\/ELAB.jpg\" alt=\"\" class=\"wp-image-34795\" width=\"389\" height=\"310\" srcset=\"https:\/\/www.portalalerta.com.br\/wp-content\/uploads\/2021\/04\/ELAB.jpg 1000w, https:\/\/www.portalalerta.com.br\/wp-content\/uploads\/2021\/04\/ELAB-300x240.jpg 300w, https:\/\/www.portalalerta.com.br\/wp-content\/uploads\/2021\/04\/ELAB-768x614.jpg 768w, https:\/\/www.portalalerta.com.br\/wp-content\/uploads\/2021\/04\/ELAB-183x146.jpg 183w, https:\/\/www.portalalerta.com.br\/wp-content\/uploads\/2021\/04\/ELAB-50x40.jpg 50w, https:\/\/www.portalalerta.com.br\/wp-content\/uploads\/2021\/04\/ELAB-94x75.jpg 94w\" sizes=\"(max-width: 389px) 100vw, 389px\" \/><\/figure><\/div>\n\n\n\n<p>Na regi\u00e3o do Sisal, sete munic\u00edpios apresentaram na \u00faltima sexta-feira (18), os boletins epidemiol\u00f3gicos com zero casos ativos.<\/p>\n\n\n\n<p>Est\u00e3o na lista os munic\u00edpios de: <strong>Barrocas, Santaluz, Nordestina, Concei\u00e7\u00e3o do Coit\u00e9, Lamar\u00e3o, que informou n\u00e3o ter novos casos h\u00e1 13 dias, Biritinga e Tucano.<\/strong><\/p>\n\n\n\n<p>Em Serrinha, at\u00e9 o \u00faltimo boletim divulgado na quinta-feira (17), o munic\u00edpio contava com quatro casos ativos.<\/p>\n\n\n\n<p><em>Fonte: Fique Por Dentro Agora<\/em><\/p>\n\n\n\n<p><em>Com informa\u00e7\u00f5es: InfoSerrinha<\/em><\/p>\n","protected":false},"excerpt":{"rendered":"<p>Queda no n\u00famero de casos permitiu ao Governo do Estado autorizar a realiza\u00e7\u00e3o de eventos sem limite de p\u00fablico.<\/p>\n","protected":false},"author":2,"featured_media":40769,"comment_status":"open","ping_status":"open","sticky":false,"template":"","format":"standard","meta":{"om_disable_all_campaigns":false,"_monsterinsights_skip_tracking":false,"_monsterinsights_sitenote_active":false,"_monsterinsights_sitenote_note":"","_monsterinsights_sitenote_category":0,"footnotes":""},"categories":[33,70,69,32,19,12],"tags":[662,794,700,3429,3486,1924,1925,799,190],"class_list":["post-41656","post","type-post","status-publish","format-standard","has-post-thumbnail","hentry","category-bahia","category-destaques","category-noticias2","category-regiao","category-saude","category-tucano","tag-barrocas","tag-biritinga","tag-conceicao-do-coite","tag-coronavirus","tag-covid-19","tag-lamarao","tag-nordestina","tag-santaluz","tag-tucano"],"aioseo_notices":[],"_links":{"self":[{"href":"https:\/\/www.portalalerta.com.br\/index.php\/wp-json\/wp\/v2\/posts\/41656","targetHints":{"allow":["GET"]}}],"collection":[{"href":"https:\/\/www.portalalerta.com.br\/index.php\/wp-json\/wp\/v2\/posts"}],"about":[{"href":"https:\/\/www.portalalerta.com.br\/index.php\/wp-json\/wp\/v2\/types\/post"}],"author":[{"embeddable":true,"href":"https:\/\/www.portalalerta.com.br\/index.php\/wp-json\/wp\/v2\/users\/2"}],"replies":[{"embeddable":true,"href":"https:\/\/www.portalalerta.com.br\/index.php\/wp-json\/wp\/v2\/comments?post=41656"}],"version-history":[{"count":1,"href":"https:\/\/www.portalalerta.com.br\/index.php\/wp-json\/wp\/v2\/posts\/41656\/revisions"}],"predecessor-version":[{"id":41657,"href":"https:\/\/www.portalalerta.com.br\/index.php\/wp-json\/wp\/v2\/posts\/41656\/revisions\/41657"}],"wp:featuredmedia":[{"embeddable":true,"href":"https:\/\/www.portalalerta.com.br\/index.php\/wp-json\/wp\/v2\/media\/40769"}],"wp:attachment":[{"href":"https:\/\/www.portalalerta.com.br\/index.php\/wp-json\/wp\/v2\/media?parent=41656"}],"wp:term":[{"taxonomy":"category","embeddable":true,"href":"https:\/\/www.portalalerta.com.br\/index.php\/wp-json\/wp\/v2\/categories?post=41656"},{"taxonomy":"post_tag","embeddable":true,"href":"https:\/\/www.portalalerta.com.br\/index.php\/wp-json\/wp\/v2\/tags?post=41656"}],"curies":[{"name":"wp","href":"https:\/\/api.w.org\/{rel}","templated":true}]}}