{"id":41664,"date":"2022-03-22T07:00:00","date_gmt":"2022-03-22T10:00:00","guid":{"rendered":"https:\/\/www.portalalerta.com.br\/?p=41664"},"modified":"2022-03-21T21:17:26","modified_gmt":"2022-03-22T00:17:26","slug":"ministro-do-tse-que-julgaria-acoes-de-propaganda-eleitoral-alega-motivos-de-saude-e-deixa-o-cargo","status":"publish","type":"post","link":"https:\/\/www.portalalerta.com.br\/index.php\/2022\/03\/22\/ministro-do-tse-que-julgaria-acoes-de-propaganda-eleitoral-alega-motivos-de-saude-e-deixa-o-cargo\/","title":{"rendered":"Ministro do TSE que julgaria a\u00e7\u00f5es de propaganda eleitoral alega motivos de sa\u00fade e deixa o cargo"},"content":{"rendered":"\n<p>O ministro substituto do Tribunal Superior Eleitoral (TSE) Carlos Mario Velloso Filho deixou o cargo alegando motivos de sa\u00fade. Ele seria um dos tr\u00eas ministros da Corte que analisaram a\u00e7\u00f5es questionando propaganda eleitoral na campanha deste ano. Para substitu\u00ed-lo nessa tarefa, o presidente do TSE, ministro Edson Fachin, designou a tamb\u00e9m ministra substituta C\u00e1rmen L\u00facia.<\/p>\n\n\n\n<!--more-->\n\n\n\n<div class=\"wp-block-image\"><figure class=\"alignleft size-large is-resized\"><img fetchpriority=\"high\" decoding=\"async\" src=\"https:\/\/www.portalalerta.com.br\/wp-content\/uploads\/2022\/03\/Real-Calcados-Estilo-e-Moda-para-Voce-1024x459.jpeg\" alt=\"\" class=\"wp-image-41407\" width=\"373\" height=\"167\"\/><\/figure><\/div>\n\n\n\n<p>C\u00e1rmen L\u00facia j\u00e1 fazia parte do TSE, ganhando agora uma nova atribui\u00e7\u00e3o. J\u00e1 a vaga deixada pela sa\u00edda Velloso ficar\u00e1, por enquanto, sem ser preenchida. Ele estava no cargo desde agosto de 2019 em uma das vagas destinadas a ministros oriundos da advocacia. Ele foi nomeado pelo presidente Jair Bolsonaro a partir de uma lista tr\u00edplice de advogados encaminhada pelo Supremo Tribunal Federal (STF).<\/p>\n\n\n\n<p>O TSE \u00e9 composto por ministros oriundos do Supremo Tribunal Federal (STF), caso por exemplo de C\u00e1rmen L\u00facia, do Superior Tribunal de Justi\u00e7a (STJ), e da advocacia, caso de Velloso. Assim, a vaga dele ser\u00e1 preenchida at\u00e9 o STF elaborar uma lista tr\u00edplice com tr\u00eas nomes de advogados, a ser encaminhada para a Presid\u00eancia da Rep\u00fablica, que indicar\u00e1 um deles.<\/p>\n\n\n\n<p>O TSE \u00e9 composto por sete ministros titulares e sete substitutos. Em fevereiro deste ano, o ministro Lu\u00eds Roberto Barroso, que presidia a Corte, apontou tr\u00eas ministros substitutos para analisar a\u00e7\u00f5es sobre propaganda eleitoral: Velloso, Maria Cl\u00e1udia Bucchianeri, tamb\u00e9m oriunda da advocacia, e Raul Ara\u00fajo, que \u00e9 ministro do STJ.<\/p>\n\n\n\n<p><em>Fonte: Yahoo Not\u00edcias<\/em><\/p>\n","protected":false},"excerpt":{"rendered":"<p>O ministro substituto do Tribunal Superior Eleitoral (TSE) Carlos Mario Velloso Filho deixou o cargo alegando motivos de sa\u00fade. Ele seria um dos tr\u00eas ministros da Corte que analisaram a\u00e7\u00f5es questionando propaganda eleitoral na campanha deste ano. Para substitu\u00ed-lo nessa tarefa, o presidente do TSE, ministro Edson Fachin, designou a tamb\u00e9m ministra substituta C\u00e1rmen L\u00facia.<\/p>\n","protected":false},"author":2,"featured_media":3350,"comment_status":"open","ping_status":"open","sticky":false,"template":"","format":"standard","meta":{"om_disable_all_campaigns":false,"_monsterinsights_skip_tracking":false,"_monsterinsights_sitenote_active":false,"_monsterinsights_sitenote_note":"","_monsterinsights_sitenote_category":0,"footnotes":""},"categories":[34,70,69,21],"tags":[93,5304,253,3181,5305,549],"class_list":["post-41664","post","type-post","status-publish","format-standard","has-post-thumbnail","hentry","category-brasil","category-destaques","category-noticias2","category-politica","tag-brasil","tag-carlos-mario-velloso","tag-carmem-lucia","tag-eleicoes-2022","tag-propaganda-eleitoral","tag-tse"],"aioseo_notices":[],"_links":{"self":[{"href":"https:\/\/www.portalalerta.com.br\/index.php\/wp-json\/wp\/v2\/posts\/41664","targetHints":{"allow":["GET"]}}],"collection":[{"href":"https:\/\/www.portalalerta.com.br\/index.php\/wp-json\/wp\/v2\/posts"}],"about":[{"href":"https:\/\/www.portalalerta.com.br\/index.php\/wp-json\/wp\/v2\/types\/post"}],"author":[{"embeddable":true,"href":"https:\/\/www.portalalerta.com.br\/index.php\/wp-json\/wp\/v2\/users\/2"}],"replies":[{"embeddable":true,"href":"https:\/\/www.portalalerta.com.br\/index.php\/wp-json\/wp\/v2\/comments?post=41664"}],"version-history":[{"count":1,"href":"https:\/\/www.portalalerta.com.br\/index.php\/wp-json\/wp\/v2\/posts\/41664\/revisions"}],"predecessor-version":[{"id":41665,"href":"https:\/\/www.portalalerta.com.br\/index.php\/wp-json\/wp\/v2\/posts\/41664\/revisions\/41665"}],"wp:featuredmedia":[{"embeddable":true,"href":"https:\/\/www.portalalerta.com.br\/index.php\/wp-json\/wp\/v2\/media\/3350"}],"wp:attachment":[{"href":"https:\/\/www.portalalerta.com.br\/index.php\/wp-json\/wp\/v2\/media?parent=41664"}],"wp:term":[{"taxonomy":"category","embeddable":true,"href":"https:\/\/www.portalalerta.com.br\/index.php\/wp-json\/wp\/v2\/categories?post=41664"},{"taxonomy":"post_tag","embeddable":true,"href":"https:\/\/www.portalalerta.com.br\/index.php\/wp-json\/wp\/v2\/tags?post=41664"}],"curies":[{"name":"wp","href":"https:\/\/api.w.org\/{rel}","templated":true}]}}