{"id":41671,"date":"2022-03-22T07:03:00","date_gmt":"2022-03-22T10:03:00","guid":{"rendered":"https:\/\/www.portalalerta.com.br\/?p=41671"},"modified":"2022-03-21T21:34:44","modified_gmt":"2022-03-22T00:34:44","slug":"apos-fuga-de-abordagem-motociclista-e-preso-por-dirigir-alcoolizado-desacatar-e-quase-atropelar-equipe-da-prf-em-ribeira-do-pombal-ba","status":"publish","type":"post","link":"https:\/\/www.portalalerta.com.br\/index.php\/2022\/03\/22\/apos-fuga-de-abordagem-motociclista-e-preso-por-dirigir-alcoolizado-desacatar-e-quase-atropelar-equipe-da-prf-em-ribeira-do-pombal-ba\/","title":{"rendered":"Ap\u00f3s fuga de abordagem, motociclista \u00e9 preso por dirigir alcoolizado, desacatar e quase atropelar equipe da PRF em Ribeira do Pombal-BA"},"content":{"rendered":"\n<p>Durante a abordagem o condutor apresentou agressividade, resistiu a pris\u00e3o e proferiu palavras ofensivas contra os policiais: \u2018vagabundos s\u00e3o voc\u00eas\u2019.<\/p>\n\n\n\n<!--more-->\n\n\n\n<p>A Pol\u00edcia Rodovi\u00e1ria Federal flagrou no final da tarde do \u00faltimo domingo (20) o condutor de uma motocicleta Honda\/Cg 150 transitando alcoolizado. A a\u00e7\u00e3o foi registrada no Km 175 da BR 110, trecho do munic\u00edpio de Ribeira do Pombal-BA.<\/p>\n\n\n\n<p>Era por volta das 17h15, equipe da PRF realizava fiscaliza\u00e7\u00e3o na rodovia voltada ao enfrentamento a criminalidade quando visualizou o condutor de uma moto vermelha \u201cziguezagueando\u201d na via. Percebendo a situa\u00e7\u00e3o de risco iminente, foi dada ordem de parada ao motociclista, por\u00e9m o comando n\u00e3o foi atendido e teve in\u00edcio um acompanhamento t\u00e1tico.<\/p>\n\n\n\n<div class=\"wp-block-image\"><figure class=\"aligncenter size-full\"><img fetchpriority=\"high\" decoding=\"async\" width=\"720\" height=\"181\" src=\"https:\/\/www.portalalerta.com.br\/wp-content\/uploads\/2018\/02\/Auto-Escola-Nobre.jpg\" alt=\"\" class=\"wp-image-4869\" srcset=\"https:\/\/www.portalalerta.com.br\/wp-content\/uploads\/2018\/02\/Auto-Escola-Nobre.jpg 720w, https:\/\/www.portalalerta.com.br\/wp-content\/uploads\/2018\/02\/Auto-Escola-Nobre-260x65.jpg 260w, https:\/\/www.portalalerta.com.br\/wp-content\/uploads\/2018\/02\/Auto-Escola-Nobre-50x13.jpg 50w, https:\/\/www.portalalerta.com.br\/wp-content\/uploads\/2018\/02\/Auto-Escola-Nobre-150x38.jpg 150w\" sizes=\"(max-width: 720px) 100vw, 720px\" \/><\/figure><\/div>\n\n\n\n<p>Os PRFs conseguiram interceptar a moto e durante a abordagem identificaram no condutor sinais de que havia ingerido bebida alco\u00f3lica, como dificuldade no equil\u00edbrio, olhos vermelhos, forte odor de \u00e1lcool no h\u00e1lito. Os policiais tamb\u00e9m descobriram que ele era inabilitado.<\/p>\n\n\n\n<p>O condutor apresentou descontentamento com a a\u00e7\u00e3o policial e de forma agressiva proferiu palavras ofensivas contra os policiais como <strong><em>\u201cdeixem de vagabundagem\u201d<\/em><\/strong>, <strong><em>\u201cvagabundos s\u00e3o voc\u00eas\u201d<\/em><\/strong>.<\/p>\n\n\n\n<p>O homem, de 35 anos, foi submetido ao teste de etil\u00f4metro, cujo resultado indicou 1,28 mg\/L de \u00e1lcool por litro de ar alveolar expelido pelos pulm\u00f5es, comprovando a embriaguez. O teste no aparelho apresentou \u00edndice 4 vezes maior do valor considerado como crime que \u00e9 de 0,34 mgL.<\/p>\n\n\n\n<p>Ao saber da pris\u00e3o, o homem resistiu e tentou fugir, sendo necess\u00e1rio o uso de algemas para cont\u00ea-lo. Ele foi preso em flagrante pelos crimes, em tese, de embriaguez na dire\u00e7\u00e3o de ve\u00edculo automotor (art. 306) dirigir ve\u00edculo automotor sem CNH (art. 309), ambos da Lei n\u00ba 9.503\/97 \u2013 CTB e mais o art. 331 (desacato) do C\u00f3digo Penal. Ele foi encaminhado \u00e0 Delegacia de Pol\u00edcia Civil e apresentado \u00e0 autoridade policial de plant\u00e3o, para lavratura do flagrante e demais procedimentos.<\/p>\n\n\n\n<p>Al\u00e9m de deten\u00e7\u00e3o por crime de tr\u00e2nsito, a multa por alcoolemia custa R$ 2.934,70, sete pontos na Carteira Nacional de Habilita\u00e7\u00e3o (CNH). O valor da multa \u00e9 duplicado em caso de reincid\u00eancia. Ademais, ocorre a penalidade administrativa que suspende ou pro\u00edbe o motorista de obter a habilita\u00e7\u00e3o ou permiss\u00e3o para dirigir ve\u00edculo automotor por um per\u00edodo de 12 meses.<\/p>\n\n\n\n<p>A PRF alerta sobre as consequ\u00eancias da combina\u00e7\u00e3o de \u00e1lcool e volante e atua no policiamento ostensivo e preventivo, sendo priorizada a fiscaliza\u00e7\u00e3o de condutas de risco como ultrapassagens proibidas, alcoolemia ao dirigir, dentre outras, com foco na redu\u00e7\u00e3o de acidentes.<\/p>\n\n\n\n<p><em>Fonte: Gov.br<\/em><\/p>\n","protected":false},"excerpt":{"rendered":"<p>Durante a abordagem o condutor apresentou agressividade, resistiu a pris\u00e3o e proferiu palavras ofensivas contra os policiais: \u2018vagabundos s\u00e3o voc\u00eas\u2019.<\/p>\n","protected":false},"author":2,"featured_media":30095,"comment_status":"open","ping_status":"open","sticky":false,"template":"","format":"standard","meta":{"om_disable_all_campaigns":false,"_monsterinsights_skip_tracking":false,"_monsterinsights_sitenote_active":false,"_monsterinsights_sitenote_note":"","_monsterinsights_sitenote_category":0,"footnotes":""},"categories":[70,69,32,3,22],"tags":[975,656,77,149,47],"class_list":["post-41671","post","type-post","status-publish","format-standard","has-post-thumbnail","hentry","category-destaques","category-noticias2","category-regiao","category-ribeira-do-pombal","category-seguranca","tag-desacato","tag-lei-seca","tag-preso","tag-prf","tag-ribeira-do-pombal"],"aioseo_notices":[],"_links":{"self":[{"href":"https:\/\/www.portalalerta.com.br\/index.php\/wp-json\/wp\/v2\/posts\/41671","targetHints":{"allow":["GET"]}}],"collection":[{"href":"https:\/\/www.portalalerta.com.br\/index.php\/wp-json\/wp\/v2\/posts"}],"about":[{"href":"https:\/\/www.portalalerta.com.br\/index.php\/wp-json\/wp\/v2\/types\/post"}],"author":[{"embeddable":true,"href":"https:\/\/www.portalalerta.com.br\/index.php\/wp-json\/wp\/v2\/users\/2"}],"replies":[{"embeddable":true,"href":"https:\/\/www.portalalerta.com.br\/index.php\/wp-json\/wp\/v2\/comments?post=41671"}],"version-history":[{"count":1,"href":"https:\/\/www.portalalerta.com.br\/index.php\/wp-json\/wp\/v2\/posts\/41671\/revisions"}],"predecessor-version":[{"id":41672,"href":"https:\/\/www.portalalerta.com.br\/index.php\/wp-json\/wp\/v2\/posts\/41671\/revisions\/41672"}],"wp:featuredmedia":[{"embeddable":true,"href":"https:\/\/www.portalalerta.com.br\/index.php\/wp-json\/wp\/v2\/media\/30095"}],"wp:attachment":[{"href":"https:\/\/www.portalalerta.com.br\/index.php\/wp-json\/wp\/v2\/media?parent=41671"}],"wp:term":[{"taxonomy":"category","embeddable":true,"href":"https:\/\/www.portalalerta.com.br\/index.php\/wp-json\/wp\/v2\/categories?post=41671"},{"taxonomy":"post_tag","embeddable":true,"href":"https:\/\/www.portalalerta.com.br\/index.php\/wp-json\/wp\/v2\/tags?post=41671"}],"curies":[{"name":"wp","href":"https:\/\/api.w.org\/{rel}","templated":true}]}}