{"id":41673,"date":"2022-03-22T11:30:00","date_gmt":"2022-03-22T14:30:00","guid":{"rendered":"https:\/\/www.portalalerta.com.br\/?p=41673"},"modified":"2022-03-21T21:53:41","modified_gmt":"2022-03-22T00:53:41","slug":"quem-e-braga-netto-general-cotado-para-vice-de-bolsonaro-na-chapa-a-reeleicao","status":"publish","type":"post","link":"https:\/\/www.portalalerta.com.br\/index.php\/2022\/03\/22\/quem-e-braga-netto-general-cotado-para-vice-de-bolsonaro-na-chapa-a-reeleicao\/","title":{"rendered":"Quem \u00e9 Braga Netto, general cotado para vice de Bolsonaro na chapa \u00e0 reelei\u00e7\u00e3o"},"content":{"rendered":"\n<p>O\u00a0presidente Jair Bolsonaro (PL)\u00a0disse que j\u00e1 escolheu seu vice na candidatura \u00e0 reelei\u00e7\u00e3o e, apesar de ter afirmado que n\u00e3o adiantaria o nome,\u00a0deu pistas que apontam para o general de Ex\u00e9rcito Walter Souza Braga Netto, seu atual ministro da Defesa.<\/p>\n\n\n\n<!--more-->\n\n\n\n<p>Bolsonaro disse que a reforma ministerial prevista para 31 de mar\u00e7o deixar\u00e1 claro seu vice. Para formar uma chapa com Bolsonaro, Braga Netto, que \u00e9 apontado como um dos ministros mais pr\u00f3ximos do presidente, teria que sair do governo.<\/p>\n\n\n\n<p>Caso se confirme, a troca ser\u00e1 de um general por outro: o atual vice \u00e9 Hamilton Mour\u00e3o, tamb\u00e9m general de Ex\u00e9rcito, que deixou a ativa em 2018, filiou-se ao PRTB para concorrer na chapa de Bolsonaro e atualmente \u00e9 filiado ao Republicanos.<\/p>\n\n\n\n<div class=\"wp-block-image\"><figure class=\"alignleft size-large is-resized\"><img fetchpriority=\"high\" decoding=\"async\" src=\"https:\/\/www.portalalerta.com.br\/wp-content\/uploads\/2022\/03\/Real-Calcados-Estilo-e-Moda-para-Voce-1024x459.jpeg\" alt=\"\" class=\"wp-image-41407\" width=\"445\" height=\"199\"\/><\/figure><\/div>\n\n\n\n<p>A lei eleitoral exige que ministros de Estado que disputar\u00e3o a elei\u00e7\u00e3o para a Presid\u00eancia ou Vice-presid\u00eancia deixem o cargo seis meses antes do primeiro turno, ou seja, at\u00e9 2 de abril.<\/p>\n\n\n\n<p>O presidente afirmou ainda que quer um vice <strong><em>&#8220;que n\u00e3o tenha ambi\u00e7\u00f5es de assumir&#8221;<\/em><\/strong> seu lugar em um eventual pr\u00f3ximo mandato. <strong><em>&#8220;Eu posso adiantar para voc\u00eas, hoje em dia o vice \u00e9 de Minas Gerais&#8221;<\/em><\/strong>, declarou.<\/p>\n\n\n\n<p><strong><em>&#8220;Obviamente, voc\u00eas v\u00e3o tomar conhecimento de quem vai ser meu vice, apesar de (a defini\u00e7\u00e3o) s\u00f3 ser em agosto, pelas poss\u00edveis sa\u00eddas de ministro agora dia 31 de mar\u00e7o. N\u00e3o quero adiantar agora o nome dele, o Salles talvez saiba, pode sugerir ou tentar adivinhar&#8221;,<\/em><\/strong><em> <\/em>afirmou o presidente<em>.<\/em><\/p>\n\n\n\n<p>O presidente se referia ao ex-ministro do Meio Ambiente Ricardo Salles, presente \u00e0 entrevista. Salles saiu em defesa de Braga Netto.<\/p>\n\n\n\n<p><strong><em>&#8220;Dou meu palpite, ali\u00e1s, n\u00e3o \u00e9 s\u00f3 o meu palpite, \u00e9 o meu desejo, que o nosso colega Braga Netto, um grande general, um homem leal ao senhor, competente, s\u00e9rio, e acima de tudo muito discreto e eficiente. Espero que seja ele o mineiro a que o senhor est\u00e1 se referindo&#8221;.<\/em><\/strong><\/p>\n\n\n\n<p>Ao ser questionado diretamente se o general \u00e9 seu escolhido, Bolsonaro respondeu: <strong><em>&#8220;Vou dar mais uma dica: \u00e9 nascido em Belo Horizonte. Mais uma dica: fez col\u00e9gio militar&#8221;<\/em><\/strong>. Braga Netto \u00e9 de Belo Horizonte.<\/p>\n\n\n\n<p><strong>CONHE\u00c7A BRAGA NETTO, GENERAL COTADO PARA VICE DE BOLSONARO<\/strong><\/p>\n\n\n\n<p><strong>Trajet\u00f3ria no Ex\u00e9rcito<\/strong><\/p>\n\n\n\n<p>Braga Netto entrou para o Ex\u00e9rcito em 1975 e atuou no Rio durante grande parte da sua carreira. Foi promovido a general em 2009 e nomeado chefe do Estado-Maior do Comando Militar do Oeste no mesmo ano.<\/p>\n\n\n\n<p>Colegas de Braga Netto definem o novo ministro como respeitado pela tropa, &#8220;dur\u00e3o&#8221; e experiente. O general \u00e9 visto entre seus pares como um nome de &#8220;forte lideran\u00e7a&#8221; e &#8220;bem articulado&#8221;. Parte da articula\u00e7\u00e3o pode ser atribu\u00edda aos &#8220;est\u00e1gios&#8221; na \u00e1rea diplom\u00e1tica feitos pelo militar.<\/p>\n\n\n\n<p>Quando ainda era coronel, Braga Netto ocupou o cargo de adido militar do Brasil na Pol\u00f4nia, entre os anos de 2005 e 2006. Depois, foi promovido a general de divis\u00e3o ainda no governo de Luiz In\u00e1cio Lula da Silva, em novembro de 2009.<\/p>\n\n\n\n<p>Em 2012, passou a ocupar a adit\u00e2ncia militar nos Estados Unidos e Canad\u00e1 \u2014 enquanto exercia o cargo em Washington, foi promovido a general de Ex\u00e9rcito. Pouco depois da promo\u00e7\u00e3o, em 2013, foi exonerado para, em maio, assumir a fun\u00e7\u00e3o de diretor de Educa\u00e7\u00e3o Superior Militar, no Rio de Janeiro.<\/p>\n\n\n\n<p>No mesmo ano, por decreto assinado pela ent\u00e3o presidente Dilma Rousseff, o general recebeu o grau de Grande-Oficial da Ordem do M\u00e9rito Militar. Ainda no Rio, Braga Netto foi o respons\u00e1vel pela seguran\u00e7a dos Jogos Ol\u00edmpicos de 2016, antes de ser nomeado para assumir o Comando Militar do Leste.<\/p>\n\n\n\n<p>Em 2018, Braga Netto comandou a interven\u00e7\u00e3o federal do governo Michel Temer na seguran\u00e7a p\u00fablica do Rio de Janeiro e passou a controlar a Pol\u00edcia Civil, a Pol\u00edcia Militar, os bombeiros e administra\u00e7\u00e3o penitenci\u00e1ria do Estado.<\/p>\n\n\n\n<p>Nos pouco mais de dez meses em que o general comandou a seguran\u00e7a p\u00fablica fluminense, o Estado registrou queda de roubos e aumento das mortes provocadas pela pol\u00edcia. A interven\u00e7\u00e3o acabou em 31 de dezembro de 2018.<\/p>\n\n\n\n<p><strong><em>&#8220;Fizemos um choque de gest\u00e3o muito baseado na meritocracia. Eu praticamente n\u00e3o aceitei pedidos pol\u00edticos. Se a pessoa tinha m\u00e9rito, eu colocava no cargo. Se n\u00e3o tinha m\u00e9rito, eu n\u00e3o colocava no cargo&#8221;<\/em><\/strong>, disse o general em janeiro de 2019, em entrevista \u00e0 TV Aparecida, sobre seu per\u00edodo no comando da interven\u00e7\u00e3o.<\/p>\n\n\n\n<p>Na ocasi\u00e3o, o general argumentou que houve aumento do &#8220;n\u00famero de pessoas mortas em confronto com a pol\u00edcia&#8221; porque criminosos reagiam \u00e0s opera\u00e7\u00f5es policiais, em vez de se entregar.<\/p>\n\n\n\n<p><strong><em>&#8220;N\u00e3o \u00e9 que n\u00f3s demos autoriza\u00e7\u00e3o para matar, nada disso, simplesmente foi a metodologia empregada. N\u00f3s passamos a realizar os patrulhamentos em cima das manchas criminais. Um exemplo: eu sabia muito bem que quarta-feira, (\u00e0s) tantas horas, aumentava o n\u00famero de roubo de carro, ou roubo de carga, em determinado lugar, havia essa mancha (de crimes recorrentes). A\u00ed voc\u00ea fazia uma opera\u00e7\u00e3o conjunta (das pol\u00edcias estaduais e For\u00e7as Armadas)&#8221;<\/em><\/strong>, disse ao canal cat\u00f3lico.<\/p>\n\n\n\n<p><strong><em>&#8220;O que ocorre \u00e9 que o bandido no Rio tinha uma pol\u00edtica de enfrentamento irracional. Ele estava \u00e0s vezes cercado, com armamento pesado, e buscava o confronto. Mas a tropa estava adestrada e tinha muita tropa no local, Pol\u00edcia Militar, Pol\u00edcia Civil, o que fosse. Nessa postura irracional do bandido, se ele n\u00e3o se entregava, ele acabava morrendo. Essa (categoria de morte) a\u00ed realmente aumentou&#8221;<\/em><\/strong>, completou.<\/p>\n\n\n\n<p>Na avalia\u00e7\u00e3o do Observat\u00f3rio da Interven\u00e7\u00e3o, iniciativa do Centro de Estudos de Seguran\u00e7a e Cidadania da Universidade Candido Mendes (CESeC\/Ucam), a atua\u00e7\u00e3o das For\u00e7as Armadas n\u00e3o trouxe melhorias estruturais para a seguran\u00e7a p\u00fablica do Rio.<\/p>\n\n\n\n<p><strong><em>&#8220;Durante esses dez meses de 2018, n\u00e3o foram feitos investimentos significativos no combate aos grupos de mil\u00edcias e \u00e0 corrup\u00e7\u00e3o policial. A moderniza\u00e7\u00e3o da gest\u00e3o das pol\u00edcias tamb\u00e9m n\u00e3o foi priorizada \u2014 a renova\u00e7\u00e3o se restringiu \u00e0 compra de equipamentos&#8221;<\/em><\/strong>, destaca relat\u00f3rio do Observat\u00f3rio ao final da interven\u00e7\u00e3o.<\/p>\n\n\n\n<p><strong><em>&#8220;Ao mesmo tempo, pr\u00e1ticas violentas da pol\u00edcia fluminense continuaram e se agravaram. Em vez de modernizar, reformar ou mudar, a interven\u00e7\u00e3o levou ao extremo pol\u00edticas que o Rio de Janeiro j\u00e1 conhecia: a abordagem dos problemas de viol\u00eancia e criminalidade a partir de uma l\u00f3gica de guerra, baseada no uso de tropas de combate, ocupa\u00e7\u00f5es de favelas e grandes opera\u00e7\u00f5es&#8221;<\/em><\/strong>, diz ainda o documento.<\/p>\n\n\n\n<p><strong>Governo Bolsonaro<\/strong><\/p>\n\n\n\n<p>Braga Netto entrou para o governo em fevereiro de 2020, quando foi anunciado como novo ministro chefe da Casa Civil, no lugar de Onyx Lorenzoni. A troca deu mais poder \u00e0 ala militar do governo, grupo que havia perdido espa\u00e7o para a ala mais ideol\u00f3gica ao longo de 2019.<\/p>\n\n\n\n<p>Um oficial que serve no Rio descreveu Braga Netto \u00e0 BBC News Brasil como um militar r\u00edgido, mas que n\u00e3o compartilha o pensamento &#8220;linha dura&#8221; de outros generais como S\u00e9rgio Etchegoyen, que chefiou o Gabinete de Seguran\u00e7a Institucional da Presid\u00eancia durante o governo Temer, ou Carlos Alberto dos Santos Cruz, que foi ministro de Bolsonaro at\u00e9 junho e hoje \u00e9 rompido com o presidente.<\/p>\n\n\n\n<p>Lorenzoni, que est\u00e1 afastado do seu mandato deputado federal (DEM-RS), continuou na Esplanada dos Minist\u00e9rios, assumindo o comando da pasta da Cidadania, no lugar de Osmar Terra, tamb\u00e9m deputado ga\u00facho, mas pelo MDB.<\/p>\n\n\n\n<p>Tradicionalmente, a Casa Civil \u00e9 um dos minist\u00e9rios mais importantes, atuando na coordena\u00e7\u00e3o das demais pastas e na articula\u00e7\u00e3o com o Congresso Nacional. No entanto, o \u00f3rg\u00e3o vinha sendo esvaziado no governo Bolsonaro desde junho, quando a responsabilidade pela negocia\u00e7\u00e3o pol\u00edtica foi transferida para a Secretaria de Governo, comanda ent\u00e3o ministro general Luiz Eduardo Ramos, e a coordena\u00e7\u00e3o do PPI (Programa de Parcerias e Investimentos), respons\u00e1vel por impulsionar obras de infraestrutura por meio de concess\u00f5es \u00e0 iniciativa privada, ficou nas m\u00e3os do ministro da Economia, Paulo Guedes.<\/p>\n\n\n\n<p>O esvaziamento da pasta deixou evidente o enfraquecimento de Lorenzoni, que no in\u00edcio era homem forte do governo, tendo inclusive chefiado a equipe que coordenou a transi\u00e7\u00e3o entre a administra\u00e7\u00e3o Temer e a gest\u00e3o Bolsonaro, devido ao desempenho considerado ruim na articula\u00e7\u00e3o pol\u00edtica com o Congresso.<\/p>\n\n\n\n<p>J\u00e1 Osmar Terra tamb\u00e9m sofreu desgaste depois que reportagens recentes do jornal O Estado de S. Paulo revelaram que o Minist\u00e9rio da Cidadania, sob seu comando, contratou servi\u00e7os da empresa de tecnologia Business Technology (B2T), que \u00e9 investigada pela Pol\u00edcia Federal por supostos contratos fraudulentos com o governo federal entre 2016 e 2018, quando Temer (MDB) era presidente.<\/p>\n\n\n\n<p>\u00c0 frente da Casa Civil, Braga Netto se tornou um dos ministros mais pr\u00f3ximos de Bolsonaro. Ele deixou a pasta para assumir a Defesa ap\u00f3s a demiss\u00e3o do ocupante do cargo at\u00e9 ent\u00e3o, o general Fernando Azevedo e Silva, em mar\u00e7o de 2021 &#8211; que foi seguida pela sa\u00edda dos tr\u00eas comandantes das For\u00e7as Armadas em protesto.<\/p>\n\n\n\n<p>Logo depois, ele assinou uma &#8220;ordem alusiva ao 31 de mar\u00e7o de 1964&#8221; em que diz que acontecimentos como o golpe militar ocorrido h\u00e1 57 anos, o qual chamou de &#8220;movimento&#8221;, devem ser &#8220;compreendidos e celebrados&#8221;.<\/p>\n\n\n\n<p>O relat\u00f3rio da CPI da Covid, que apurou as a\u00e7\u00f5es e omiss\u00f5es do governo da pandemia, pediu em outubro passado o indiciamento do general por sua atua\u00e7\u00e3o como ministro e coordenador do Centro de Coordena\u00e7\u00e3o das Opera\u00e7\u00f5es do Comit\u00ea de Crise da Covid-19, criado pelo Planalto para facilitar a articula\u00e7\u00e3o de a\u00e7\u00f5es de combate \u00e0 doen\u00e7a entre \u00f3rg\u00e3os p\u00fablicos.<\/p>\n\n\n\n<p>O documento aponta que os altos n\u00fameros de casos e mortes por covid-19 no Brasil foram em parte causados por erros do governo sobre os quais o general teria responsabilidade. O relat\u00f3rio afirma ainda que o ministro foi conivente com a &#8220;postura negacionista&#8221; de Bolsonaro sobre a pandemia.<\/p>\n\n\n\n<p>Braga Netto disse que seu indiciamento \u00e9 &#8220;um grande equ\u00edvoco&#8221; e que teria documentos para provar isso.<\/p>\n\n\n\n<p><em>Fonte: Yahoo Not\u00edcias<\/em><\/p>\n","protected":false},"excerpt":{"rendered":"<p>O\u00a0presidente Jair Bolsonaro (PL)\u00a0disse que j\u00e1 escolheu seu vice na candidatura \u00e0 reelei\u00e7\u00e3o e, apesar de ter afirmado que n\u00e3o adiantaria o nome,\u00a0deu pistas que apontam para o general de Ex\u00e9rcito Walter Souza Braga Netto, seu atual ministro da Defesa.<\/p>\n","protected":false},"author":2,"featured_media":41674,"comment_status":"open","ping_status":"open","sticky":false,"template":"","format":"standard","meta":{"om_disable_all_campaigns":false,"_monsterinsights_skip_tracking":false,"_monsterinsights_sitenote_active":false,"_monsterinsights_sitenote_note":"","_monsterinsights_sitenote_category":0,"footnotes":""},"categories":[34,70,69,21],"tags":[93,3398,1395,199,1152,2067],"class_list":["post-41673","post","type-post","status-publish","format-standard","has-post-thumbnail","hentry","category-brasil","category-destaques","category-noticias2","category-politica","tag-brasil","tag-general-braga-netto","tag-jair-bolsonaro","tag-politica","tag-presidente-da-republica","tag-vice-presidente"],"aioseo_notices":[],"_links":{"self":[{"href":"https:\/\/www.portalalerta.com.br\/index.php\/wp-json\/wp\/v2\/posts\/41673","targetHints":{"allow":["GET"]}}],"collection":[{"href":"https:\/\/www.portalalerta.com.br\/index.php\/wp-json\/wp\/v2\/posts"}],"about":[{"href":"https:\/\/www.portalalerta.com.br\/index.php\/wp-json\/wp\/v2\/types\/post"}],"author":[{"embeddable":true,"href":"https:\/\/www.portalalerta.com.br\/index.php\/wp-json\/wp\/v2\/users\/2"}],"replies":[{"embeddable":true,"href":"https:\/\/www.portalalerta.com.br\/index.php\/wp-json\/wp\/v2\/comments?post=41673"}],"version-history":[{"count":1,"href":"https:\/\/www.portalalerta.com.br\/index.php\/wp-json\/wp\/v2\/posts\/41673\/revisions"}],"predecessor-version":[{"id":41675,"href":"https:\/\/www.portalalerta.com.br\/index.php\/wp-json\/wp\/v2\/posts\/41673\/revisions\/41675"}],"wp:featuredmedia":[{"embeddable":true,"href":"https:\/\/www.portalalerta.com.br\/index.php\/wp-json\/wp\/v2\/media\/41674"}],"wp:attachment":[{"href":"https:\/\/www.portalalerta.com.br\/index.php\/wp-json\/wp\/v2\/media?parent=41673"}],"wp:term":[{"taxonomy":"category","embeddable":true,"href":"https:\/\/www.portalalerta.com.br\/index.php\/wp-json\/wp\/v2\/categories?post=41673"},{"taxonomy":"post_tag","embeddable":true,"href":"https:\/\/www.portalalerta.com.br\/index.php\/wp-json\/wp\/v2\/tags?post=41673"}],"curies":[{"name":"wp","href":"https:\/\/api.w.org\/{rel}","templated":true}]}}