{"id":41748,"date":"2022-03-25T17:13:21","date_gmt":"2022-03-25T20:13:21","guid":{"rendered":"https:\/\/www.portalalerta.com.br\/?p=41748"},"modified":"2022-03-25T17:13:23","modified_gmt":"2022-03-25T20:13:23","slug":"bolsonaro-defende-ministro-apos-denuncias-boto-a-cara-no-fogo-pelo-milton-ribeiro","status":"publish","type":"post","link":"https:\/\/www.portalalerta.com.br\/index.php\/2022\/03\/25\/bolsonaro-defende-ministro-apos-denuncias-boto-a-cara-no-fogo-pelo-milton-ribeiro\/","title":{"rendered":"Bolsonaro defende ministro ap\u00f3s den\u00fancias: &#8216;Boto a cara no fogo pelo Milton Ribeiro&#8217;"},"content":{"rendered":"\n<p>Em meio a den\u00fancias de que pastores sem cargo p\u00fablico negociaram transfer\u00eancias de recursos no MEC (Minist\u00e9rio da Educa\u00e7\u00e3o), o\u00a0presidente Jair Bolsonaro (PL) defendeu nesta quinta-feira (24) o ministro da pasta, Milton Ribeiro,\u00a0e disse que <strong><em>&#8220;bota a cara no fogo&#8221;<\/em><\/strong> pelo auxiliar.<\/p>\n\n\n\n<!--more-->\n\n\n\n<p><strong><em>&#8220;O Milton, coisa rara de eu falar aqui: eu boto minha cara toda no fogo pelo Milton. Est\u00e3o fazendo uma covardia contra ele&#8221;<\/em><\/strong>, disse Bolsonaro, durante sua live semanal.<\/p>\n\n\n\n<p>Na transmiss\u00e3o, Bolsonaro disse que Ribeiro oficiou a CGU (Controladoria-Geral da Uni\u00e3o), ainda no ano passado, sobre den\u00fancias de supostas irregularidades no MEC. O caso, ainda de acordo com Bolsonaro, passou para a al\u00e7ada da Pol\u00edcia Federal por n\u00e3o envolver servidores p\u00fablicos.<\/p>\n\n\n\n<p>Na ter\u00e7a (22), a Folha de S.Paulo revelou uma conversa gravada em que\u00a0Milton Ribeiro afirma que o governo federal prioriza prefeituras cujos pedidos de libera\u00e7\u00e3o de verba foram negociados por dois pastores\u00a0que n\u00e3o t\u00eam cargo e atuam em um esquema informal de obten\u00e7\u00e3o de verbas do MEC.<\/p>\n\n\n\n<div class=\"wp-block-image\"><figure class=\"alignleft size-large is-resized\"><img fetchpriority=\"high\" decoding=\"async\" src=\"https:\/\/www.portalalerta.com.br\/wp-content\/uploads\/2022\/03\/Real-Calcados-Estilo-e-Moda-para-Voce-1024x459.jpeg\" alt=\"\" class=\"wp-image-41407\" width=\"406\" height=\"182\"\/><\/figure><\/div>\n\n\n\n<p>O ministro diz no \u00e1udio que isso atende uma solicita\u00e7\u00e3o do presidente Jair Bolsonaro.<\/p>\n\n\n\n<p><strong><em>&#8220;Foi um pedido especial que o presidente da Rep\u00fablica fez para mim sobre a quest\u00e3o do [pastor] Gilmar&#8221;<\/em><\/strong>, diz o ministro na conversa em que participaram prefeitos e os dois religiosos.<\/p>\n\n\n\n<p>Os pastores Gilmar Santos e Arilton Moura t\u00eam, ao menos desde janeiro de 2021, negociado com prefeituras a libera\u00e7\u00e3o de recursos federais para obras de creches, escolas, quadras ou para compra de equipamentos de tecnologia.<\/p>\n\n\n\n<p>Os dois pastores t\u00eam proximidade com Bolsonaro desde o primeiro ano do governo. A atua\u00e7\u00e3o dos religiosos foi revelada na semana passada pelo jornal O Estado de S. Paulo.<\/p>\n\n\n\n<p>Na tarde de ter\u00e7a, Ribeiro negou em nota ter determinado aloca\u00e7\u00e3o de recursos para favorecer qualquer munic\u00edpio. Ele afirmou que Bolsonaro n\u00e3o teria pedido para que os pleitos dos pastores fossem atendidos, mas somente que todos os indicados por eles fossem atendidos.<\/p>\n\n\n\n<p>Ainda na ter\u00e7a, em declara\u00e7\u00e3o ao jornal O Estado de S. Paulo, o prefeito Gilberto Braga (PSDB), do munic\u00edpio maranhense de Luis Domingues, afirmou que um dos pastores envolvidos no esquema pediu 1 kg de ouro para conseguir liberar verbas de obras de educa\u00e7\u00e3o para a cidade.<\/p>\n\n\n\n<p>Segundo o gestor, o pedido foi feito em um restaurante de Bras\u00edlia na presen\u00e7a de outros pol\u00edticos.<\/p>\n\n\n\n<p>A Folha de S.Paulo confirmou o relato do prefeito com outras duas pessoas presentes no local onde o pedido de propina foi feito.<\/p>\n\n\n\n<p>Nesta quinta, a ministra C\u00e1rmen L\u00facia, do STF (Supremo Tribunal Federal), determinou a abertura de inqu\u00e9rito criminal sobre o ministro da Educa\u00e7\u00e3o.<\/p>\n\n\n\n<p>A decis\u00e3o da magistrada ocorre a pedido do procurador-geral da Rep\u00fablica, Augusto Aras. A Procuradoria ir\u00e1 apurar suspeitas de corrup\u00e7\u00e3o passiva, tr\u00e1fico de influ\u00eancia, prevarica\u00e7\u00e3o e advocacia administrativa.]\n\n\n\n<p><em>Fonte: Yahoo Not\u00edcias<\/em><\/p>\n","protected":false},"excerpt":{"rendered":"<p>Em meio a den\u00fancias de que pastores sem cargo p\u00fablico negociaram transfer\u00eancias de recursos no MEC (Minist\u00e9rio da Educa\u00e7\u00e3o), o\u00a0presidente Jair Bolsonaro (PL) defendeu nesta quinta-feira (24) o ministro da pasta, Milton Ribeiro,\u00a0e disse que &#8220;bota a cara no fogo&#8221; pelo auxiliar.<\/p>\n","protected":false},"author":2,"featured_media":40625,"comment_status":"open","ping_status":"open","sticky":false,"template":"","format":"standard","meta":{"om_disable_all_campaigns":false,"_monsterinsights_skip_tracking":false,"_monsterinsights_sitenote_active":false,"_monsterinsights_sitenote_note":"","_monsterinsights_sitenote_category":0,"footnotes":""},"categories":[34,70,20,69,21],"tags":[1395,1805,3795,199,1152],"class_list":["post-41748","post","type-post","status-publish","format-standard","has-post-thumbnail","hentry","category-brasil","category-destaques","category-educacao","category-noticias2","category-politica","tag-jair-bolsonaro","tag-ministro-da-educacao","tag-pastor-milton-ribeiro","tag-politica","tag-presidente-da-republica"],"aioseo_notices":[],"_links":{"self":[{"href":"https:\/\/www.portalalerta.com.br\/index.php\/wp-json\/wp\/v2\/posts\/41748","targetHints":{"allow":["GET"]}}],"collection":[{"href":"https:\/\/www.portalalerta.com.br\/index.php\/wp-json\/wp\/v2\/posts"}],"about":[{"href":"https:\/\/www.portalalerta.com.br\/index.php\/wp-json\/wp\/v2\/types\/post"}],"author":[{"embeddable":true,"href":"https:\/\/www.portalalerta.com.br\/index.php\/wp-json\/wp\/v2\/users\/2"}],"replies":[{"embeddable":true,"href":"https:\/\/www.portalalerta.com.br\/index.php\/wp-json\/wp\/v2\/comments?post=41748"}],"version-history":[{"count":1,"href":"https:\/\/www.portalalerta.com.br\/index.php\/wp-json\/wp\/v2\/posts\/41748\/revisions"}],"predecessor-version":[{"id":41749,"href":"https:\/\/www.portalalerta.com.br\/index.php\/wp-json\/wp\/v2\/posts\/41748\/revisions\/41749"}],"wp:featuredmedia":[{"embeddable":true,"href":"https:\/\/www.portalalerta.com.br\/index.php\/wp-json\/wp\/v2\/media\/40625"}],"wp:attachment":[{"href":"https:\/\/www.portalalerta.com.br\/index.php\/wp-json\/wp\/v2\/media?parent=41748"}],"wp:term":[{"taxonomy":"category","embeddable":true,"href":"https:\/\/www.portalalerta.com.br\/index.php\/wp-json\/wp\/v2\/categories?post=41748"},{"taxonomy":"post_tag","embeddable":true,"href":"https:\/\/www.portalalerta.com.br\/index.php\/wp-json\/wp\/v2\/tags?post=41748"}],"curies":[{"name":"wp","href":"https:\/\/api.w.org\/{rel}","templated":true}]}}