{"id":41750,"date":"2022-03-25T17:21:05","date_gmt":"2022-03-25T20:21:05","guid":{"rendered":"https:\/\/www.portalalerta.com.br\/?p=41750"},"modified":"2022-03-25T17:21:07","modified_gmt":"2022-03-25T20:21:07","slug":"acusado-de-trafico-de-drogas-e-preso-em-fatima-ba","status":"publish","type":"post","link":"https:\/\/www.portalalerta.com.br\/index.php\/2022\/03\/25\/acusado-de-trafico-de-drogas-e-preso-em-fatima-ba\/","title":{"rendered":"Acusado de tr\u00e1fico de drogas, \u00e9 preso em F\u00e1tima-BA"},"content":{"rendered":"\n<p>Na \u00faltima quarta-feira (23), um homem foi preso no povoado Lagoa da Volta, zona rural de F\u00e1tima-BA, em cumprimento a um mandado de pris\u00e3o lavrado pela Comarca de C\u00edcero Dantas-BA.<\/p>\n\n\n\n<!--more-->\n\n\n\n<p>De acordo com informa\u00e7\u00f5es, o homem identificado pelas iniciais L. da C.A (Naldinho) \u00e9 acusado de tr\u00e1fico de drogas, recepta\u00e7\u00e3o e porte ilegal de arma de fogo, crimes praticados em 2020, no munic\u00edpio de F\u00e1tima-BA.<\/p>\n\n\n\n<p>Ap\u00f3s o trabalho realizado pela equipe de investigadores da Pol\u00edcia, foi descoberto o paradeiro do acusado, sendo solicitado o apoio dos Guardas Civis da cidade, que foram at\u00e9 o local, onde efetuaram a pris\u00e3o do mesmo, cumprindo assim o mandado de pris\u00e3o.<\/p>\n\n\n\n<p>Na sequ\u00eancia, Naldinho foi conduzido e apresentado na Delegacia de Pol\u00edcia Civil de C\u00edcero Dantas-BA, onde se encontra \u00e0 disposi\u00e7\u00e3o da justi\u00e7a.<\/p>\n\n\n\n<p><em>Reda\u00e7\u00e3o: Portal Alerta<\/em><\/p>\n","protected":false},"excerpt":{"rendered":"<p>Na \u00faltima quarta-feira (23), um homem foi preso no povoado Lagoa da Volta, zona rural de F\u00e1tima-BA, em cumprimento a um mandado de pris\u00e3o lavrado pela Comarca de C\u00edcero Dantas-BA.<\/p>\n","protected":false},"author":2,"featured_media":9497,"comment_status":"open","ping_status":"open","sticky":false,"template":"","format":"standard","meta":{"om_disable_all_campaigns":false,"_monsterinsights_skip_tracking":false,"_monsterinsights_sitenote_active":false,"_monsterinsights_sitenote_note":"","_monsterinsights_sitenote_category":0,"footnotes":""},"categories":[70,10,69,32,22],"tags":[313,488,122,83,77,76],"class_list":["post-41750","post","type-post","status-publish","format-standard","has-post-thumbnail","hentry","category-destaques","category-fatima","category-noticias2","category-regiao","category-seguranca","tag-gcm","tag-mandado-de-prisao","tag-policia-civil","tag-porte-ilegal-de-arma-de-fogo","tag-preso","tag-trafico-de-drogas"],"aioseo_notices":[],"_links":{"self":[{"href":"https:\/\/www.portalalerta.com.br\/index.php\/wp-json\/wp\/v2\/posts\/41750","targetHints":{"allow":["GET"]}}],"collection":[{"href":"https:\/\/www.portalalerta.com.br\/index.php\/wp-json\/wp\/v2\/posts"}],"about":[{"href":"https:\/\/www.portalalerta.com.br\/index.php\/wp-json\/wp\/v2\/types\/post"}],"author":[{"embeddable":true,"href":"https:\/\/www.portalalerta.com.br\/index.php\/wp-json\/wp\/v2\/users\/2"}],"replies":[{"embeddable":true,"href":"https:\/\/www.portalalerta.com.br\/index.php\/wp-json\/wp\/v2\/comments?post=41750"}],"version-history":[{"count":1,"href":"https:\/\/www.portalalerta.com.br\/index.php\/wp-json\/wp\/v2\/posts\/41750\/revisions"}],"predecessor-version":[{"id":41751,"href":"https:\/\/www.portalalerta.com.br\/index.php\/wp-json\/wp\/v2\/posts\/41750\/revisions\/41751"}],"wp:featuredmedia":[{"embeddable":true,"href":"https:\/\/www.portalalerta.com.br\/index.php\/wp-json\/wp\/v2\/media\/9497"}],"wp:attachment":[{"href":"https:\/\/www.portalalerta.com.br\/index.php\/wp-json\/wp\/v2\/media?parent=41750"}],"wp:term":[{"taxonomy":"category","embeddable":true,"href":"https:\/\/www.portalalerta.com.br\/index.php\/wp-json\/wp\/v2\/categories?post=41750"},{"taxonomy":"post_tag","embeddable":true,"href":"https:\/\/www.portalalerta.com.br\/index.php\/wp-json\/wp\/v2\/tags?post=41750"}],"curies":[{"name":"wp","href":"https:\/\/api.w.org\/{rel}","templated":true}]}}