{"id":41752,"date":"2022-03-25T17:58:40","date_gmt":"2022-03-25T20:58:40","guid":{"rendered":"https:\/\/www.portalalerta.com.br\/?p=41752"},"modified":"2022-03-25T17:58:41","modified_gmt":"2022-03-25T20:58:41","slug":"morador-de-rua-espancado-por-personal-e-convidado-para-se-candidatar-a-deputado","status":"publish","type":"post","link":"https:\/\/www.portalalerta.com.br\/index.php\/2022\/03\/25\/morador-de-rua-espancado-por-personal-e-convidado-para-se-candidatar-a-deputado\/","title":{"rendered":"Morador de rua espancado por personal \u00e9 convidado para se candidatar a deputado"},"content":{"rendered":"\n<p>O morador de rua que foi espancado por um personal trainer,\u00a0ap\u00f3s ser flagrado mantendo rela\u00e7\u00f5es sexuais com a mulher dele em um carro, pode se tornar deputado nas pr\u00f3ximas elei\u00e7\u00f5es.<\/p>\n\n\n\n<!--more-->\n\n\n\n<p>De acordo com informa\u00e7\u00f5es do portal Metr\u00f3poles, ao menos quatro partidos teriam procurado Givaldo Alves de Souza, de 48 anos, com convites para lan\u00e7\u00e1-lo candidato no pleito deste ano\u00a0no Distrito Federal.<\/p>\n\n\n\n<p>N\u00e3o foram revelados quais seriam as siglas interessadas em contar com Givaldo nas elei\u00e7\u00f5es. Mas o sem-teto teria sido chamado para concorrer como deputado estadual ou deputado federal.<\/p>\n\n\n\n<p><strong>Morador de rua falou pela primeira vez ap\u00f3s epis\u00f3dio<\/strong><\/p>\n\n\n\n<p>A not\u00edcia dos convites a Givaldo aconteceu momentos depois de o\u00a0rapaz falar publicamente pela primeira vez sobre o dia em que foi espancado por um marido\u00a0que o encontrou mantendo rela\u00e7\u00f5es sexuais com a esposa em Planaltina, no dia 9 de mar\u00e7o.<\/p>\n\n\n\n<p>Ao Metr\u00f3poles, o morador de rua garantiu que a rela\u00e7\u00e3o foi consensual. Depois da repercuss\u00e3o do caso, o personal trainer Eduardo Alves, de 31 anos, disse que sua mulher estava em surto psic\u00f3tico, segundo seus m\u00e9dicos, e por isso teria convidado o homem a entrar no seu carro.<\/p>\n\n\n\n<div class=\"wp-block-image\"><figure class=\"aligncenter size-full\"><img fetchpriority=\"high\" decoding=\"async\" width=\"720\" height=\"181\" src=\"https:\/\/www.portalalerta.com.br\/wp-content\/uploads\/2018\/02\/Auto-Escola-Nobre.jpg\" alt=\"\" class=\"wp-image-4869\" srcset=\"https:\/\/www.portalalerta.com.br\/wp-content\/uploads\/2018\/02\/Auto-Escola-Nobre.jpg 720w, https:\/\/www.portalalerta.com.br\/wp-content\/uploads\/2018\/02\/Auto-Escola-Nobre-260x65.jpg 260w, https:\/\/www.portalalerta.com.br\/wp-content\/uploads\/2018\/02\/Auto-Escola-Nobre-50x13.jpg 50w, https:\/\/www.portalalerta.com.br\/wp-content\/uploads\/2018\/02\/Auto-Escola-Nobre-150x38.jpg 150w\" sizes=\"(max-width: 720px) 100vw, 720px\" \/><\/figure><\/div>\n\n\n\n<p>Segundo Givaldo, a mulher o chamou e pediu para que ele entrasse, mesmo depois de dizer que n\u00e3o \u201ctinha tomado banho\u201d. <strong><em>\u201cEu andava pela rua e ouvi um grito: \u2018mo\u00e7o, mo\u00e7o\u2019. Olhei para tr\u00e1s e s\u00f3 tinha eu. E ela confirmou comigo dizendo: \u2018Quer namorar comigo?\u2019\u201d<\/em><\/strong>.<\/p>\n\n\n\n<p><strong><em>\u201cMo\u00e7a, eu n\u00e3o tenho dinheiro, sou morador de rua. N\u00e3o tenho dinheiro nem para te levar ao hotel. Ent\u00e3o, ela disse: \u2018Pode ser no meu carro\u2019\u201d<\/em><\/strong>, contou.<\/p>\n\n\n\n<p>Por conta das agress\u00f5es do personal trainer, o homem em situa\u00e7\u00e3o de rua sofreu um edema no olho e ficou com a costela quebrada.<\/p>\n\n\n\n<p>Durante a entrevista, Givaldo contou que tem interesse por literatura, que j\u00e1 teve diferentes trabalhos, como oper\u00e1rio na \u00e1rea de constru\u00e7\u00e3o civil e como motorista respons\u00e1vel pelo transporte de produtos perigosos (MOPP).<\/p>\n\n\n\n<p>Ainda segundo ele, foi casado por 15 anos e tem uma filha de 28. Ele contou que j\u00e1 viveu em cidades da Bahia, Tocantins, Minas Gerais e Goi\u00e1s, antes de chegar a Bras\u00edlia. Na capital, sua rotina \u00e9 focada em buscar abrigos p\u00fablicos e casas de passagens.<\/p>\n\n\n\n<p>Sobre o caso, Givaldo buscou negar as acusa\u00e7\u00f5es de estupro. <strong><em>\u201cDeus me colocou em um lugar cercado por c\u00e2meras que comprovam n\u00e3o ter havido nada disso [estupro]. Se fosse outro morador de rua, possivelmente j\u00e1 estaria preso\u201d<\/em><\/strong>, afirmou.<\/p>\n\n\n\n<p>Ele relata que revisou as agress\u00f5es do personal trainer. <strong><em>\u201cN\u00f3s trocamos socos\u201d<\/em><\/strong>.<\/p>\n\n\n\n<p>Segundo Givaldo, ele soube que a mulher era casada quando recebia atendimento m\u00e9dico no hospital. At\u00e9 aquele momento, pensava que se tratava de uma retalia\u00e7\u00e3o a uma cena que viu dias antes: o motorista de um carro arrastando propositalmente uma mulher. O rapaz pensou, assim, que era um tipo de vingan\u00e7a.<\/p>\n\n\n\n<p>Por fim, Givaldo disse que n\u00e3o se arrepende do que aconteceu.<\/p>\n\n\n\n<p><em>Fonte: Yahoo Not\u00edcias<\/em><\/p>\n","protected":false},"excerpt":{"rendered":"<p>O morador de rua que foi espancado por um personal trainer,\u00a0ap\u00f3s ser flagrado mantendo rela\u00e7\u00f5es sexuais com a mulher dele em um carro, pode se tornar deputado nas pr\u00f3ximas elei\u00e7\u00f5es.<\/p>\n","protected":false},"author":2,"featured_media":41753,"comment_status":"open","ping_status":"open","sticky":false,"template":"","format":"standard","meta":{"om_disable_all_campaigns":false,"_monsterinsights_skip_tracking":false,"_monsterinsights_sitenote_active":false,"_monsterinsights_sitenote_note":"","_monsterinsights_sitenote_category":0,"footnotes":""},"categories":[34,70,69,21],"tags":[93,3176,199],"class_list":["post-41752","post","type-post","status-publish","format-standard","has-post-thumbnail","hentry","category-brasil","category-destaques","category-noticias2","category-politica","tag-brasil","tag-morador-de-rua","tag-politica"],"aioseo_notices":[],"_links":{"self":[{"href":"https:\/\/www.portalalerta.com.br\/index.php\/wp-json\/wp\/v2\/posts\/41752","targetHints":{"allow":["GET"]}}],"collection":[{"href":"https:\/\/www.portalalerta.com.br\/index.php\/wp-json\/wp\/v2\/posts"}],"about":[{"href":"https:\/\/www.portalalerta.com.br\/index.php\/wp-json\/wp\/v2\/types\/post"}],"author":[{"embeddable":true,"href":"https:\/\/www.portalalerta.com.br\/index.php\/wp-json\/wp\/v2\/users\/2"}],"replies":[{"embeddable":true,"href":"https:\/\/www.portalalerta.com.br\/index.php\/wp-json\/wp\/v2\/comments?post=41752"}],"version-history":[{"count":1,"href":"https:\/\/www.portalalerta.com.br\/index.php\/wp-json\/wp\/v2\/posts\/41752\/revisions"}],"predecessor-version":[{"id":41754,"href":"https:\/\/www.portalalerta.com.br\/index.php\/wp-json\/wp\/v2\/posts\/41752\/revisions\/41754"}],"wp:featuredmedia":[{"embeddable":true,"href":"https:\/\/www.portalalerta.com.br\/index.php\/wp-json\/wp\/v2\/media\/41753"}],"wp:attachment":[{"href":"https:\/\/www.portalalerta.com.br\/index.php\/wp-json\/wp\/v2\/media?parent=41752"}],"wp:term":[{"taxonomy":"category","embeddable":true,"href":"https:\/\/www.portalalerta.com.br\/index.php\/wp-json\/wp\/v2\/categories?post=41752"},{"taxonomy":"post_tag","embeddable":true,"href":"https:\/\/www.portalalerta.com.br\/index.php\/wp-json\/wp\/v2\/tags?post=41752"}],"curies":[{"name":"wp","href":"https:\/\/api.w.org\/{rel}","templated":true}]}}