{"id":41755,"date":"2022-03-25T18:13:21","date_gmt":"2022-03-25T21:13:21","guid":{"rendered":"https:\/\/www.portalalerta.com.br\/?p=41755"},"modified":"2022-03-25T18:13:22","modified_gmt":"2022-03-25T21:13:22","slug":"votacao-de-reajuste-salarial-de-professores-de-ribeira-do-pombal-ba-e-adiada","status":"publish","type":"post","link":"https:\/\/www.portalalerta.com.br\/index.php\/2022\/03\/25\/votacao-de-reajuste-salarial-de-professores-de-ribeira-do-pombal-ba-e-adiada\/","title":{"rendered":"Vota\u00e7\u00e3o de reajuste salarial de professores de Ribeira do Pombal-BA \u00e9 adiada"},"content":{"rendered":"\n<p>Como era esperado, por falta de pareceres das comiss\u00f5es de Justi\u00e7a, Educa\u00e7\u00e3o e Finan\u00e7as, o Projeto de Lei do Executivo de aumento salarial dos professores de Ribeira do Pombal-BA n\u00e3o foi votado na sess\u00e3o de quinta-feira (24).<\/p>\n\n\n\n<!--more-->\n\n\n\n<div class=\"wp-block-image\"><figure class=\"alignleft size-full is-resized\"><img fetchpriority=\"high\" decoding=\"async\" src=\"https:\/\/www.portalalerta.com.br\/wp-content\/uploads\/2021\/04\/ELAB.jpg\" alt=\"\" class=\"wp-image-34795\" width=\"441\" height=\"353\" srcset=\"https:\/\/www.portalalerta.com.br\/wp-content\/uploads\/2021\/04\/ELAB.jpg 1000w, https:\/\/www.portalalerta.com.br\/wp-content\/uploads\/2021\/04\/ELAB-300x240.jpg 300w, https:\/\/www.portalalerta.com.br\/wp-content\/uploads\/2021\/04\/ELAB-768x614.jpg 768w, https:\/\/www.portalalerta.com.br\/wp-content\/uploads\/2021\/04\/ELAB-183x146.jpg 183w, https:\/\/www.portalalerta.com.br\/wp-content\/uploads\/2021\/04\/ELAB-50x40.jpg 50w, https:\/\/www.portalalerta.com.br\/wp-content\/uploads\/2021\/04\/ELAB-94x75.jpg 94w\" sizes=\"(max-width: 441px) 100vw, 441px\" \/><\/figure><\/div>\n\n\n\n<p>Conforme tinha sido divulgado, os professores comparecerem para acompanhar a sess\u00e3o. Segundo o vereador Bebeto, Presidente do Legislativo, as tr\u00eas comiss\u00f5es ser\u00e3o convocadas para reuni\u00f5es extraordin\u00e1rias na ter\u00e7a-feira, 29 de mar\u00e7o 2022, \u00e0s 09hs, para apresentarem seus pareceres, e \u00e0s 10:30hs, do mesmo dia, sess\u00e3o extraordin\u00e1ria para vota\u00e7\u00e3o aumento salarial dos professores proposto pelo Executivo.<\/p>\n\n\n\n<p><em>Fonte: Joilson Costa<\/em><\/p>\n","protected":false},"excerpt":{"rendered":"<p>Como era esperado, por falta de pareceres das comiss\u00f5es de Justi\u00e7a, Educa\u00e7\u00e3o e Finan\u00e7as, o Projeto de Lei do Executivo de aumento salarial dos professores de Ribeira do Pombal-BA n\u00e3o foi votado na sess\u00e3o de quinta-feira (24).<\/p>\n","protected":false},"author":2,"featured_media":41756,"comment_status":"open","ping_status":"open","sticky":false,"template":"","format":"standard","meta":{"om_disable_all_campaigns":false,"_monsterinsights_skip_tracking":false,"_monsterinsights_sitenote_active":false,"_monsterinsights_sitenote_note":"","_monsterinsights_sitenote_category":0,"footnotes":""},"categories":[70,20,69,21,32,3],"tags":[211,184,2197,47],"class_list":["post-41755","post","type-post","status-publish","format-standard","has-post-thumbnail","hentry","category-destaques","category-educacao","category-noticias2","category-politica","category-regiao","category-ribeira-do-pombal","tag-camara-de-vereadores","tag-professores","tag-reajuste-salarial","tag-ribeira-do-pombal"],"aioseo_notices":[],"_links":{"self":[{"href":"https:\/\/www.portalalerta.com.br\/index.php\/wp-json\/wp\/v2\/posts\/41755","targetHints":{"allow":["GET"]}}],"collection":[{"href":"https:\/\/www.portalalerta.com.br\/index.php\/wp-json\/wp\/v2\/posts"}],"about":[{"href":"https:\/\/www.portalalerta.com.br\/index.php\/wp-json\/wp\/v2\/types\/post"}],"author":[{"embeddable":true,"href":"https:\/\/www.portalalerta.com.br\/index.php\/wp-json\/wp\/v2\/users\/2"}],"replies":[{"embeddable":true,"href":"https:\/\/www.portalalerta.com.br\/index.php\/wp-json\/wp\/v2\/comments?post=41755"}],"version-history":[{"count":1,"href":"https:\/\/www.portalalerta.com.br\/index.php\/wp-json\/wp\/v2\/posts\/41755\/revisions"}],"predecessor-version":[{"id":41757,"href":"https:\/\/www.portalalerta.com.br\/index.php\/wp-json\/wp\/v2\/posts\/41755\/revisions\/41757"}],"wp:featuredmedia":[{"embeddable":true,"href":"https:\/\/www.portalalerta.com.br\/index.php\/wp-json\/wp\/v2\/media\/41756"}],"wp:attachment":[{"href":"https:\/\/www.portalalerta.com.br\/index.php\/wp-json\/wp\/v2\/media?parent=41755"}],"wp:term":[{"taxonomy":"category","embeddable":true,"href":"https:\/\/www.portalalerta.com.br\/index.php\/wp-json\/wp\/v2\/categories?post=41755"},{"taxonomy":"post_tag","embeddable":true,"href":"https:\/\/www.portalalerta.com.br\/index.php\/wp-json\/wp\/v2\/tags?post=41755"}],"curies":[{"name":"wp","href":"https:\/\/api.w.org\/{rel}","templated":true}]}}