{"id":41758,"date":"2022-03-25T21:31:58","date_gmt":"2022-03-26T00:31:58","guid":{"rendered":"https:\/\/www.portalalerta.com.br\/?p=41758"},"modified":"2022-03-25T21:31:59","modified_gmt":"2022-03-26T00:31:59","slug":"telegram-assina-adesao-ao-programa-do-tse-contra-fake-news","status":"publish","type":"post","link":"https:\/\/www.portalalerta.com.br\/index.php\/2022\/03\/25\/telegram-assina-adesao-ao-programa-do-tse-contra-fake-news\/","title":{"rendered":"Telegram assina ades\u00e3o ao programa do TSE contra fake news"},"content":{"rendered":"\n<p>O Telegram assinou nesta sexta-feira (25) sua ades\u00e3o ao Programa de Enfrentamento \u00e0 Desinforma\u00e7\u00e3o, do TSE (Tribunal Superior Eleitoral).<\/p>\n\n\n\n<!--more-->\n\n\n\n<p>A parceria visa combater os conte\u00fados falsos relacionados \u00e0 Justi\u00e7a Eleitoral, ao sistema eletr\u00f4nico de vota\u00e7\u00e3o, ao processo eleitoral nas diferentes fases e aos atores nele envolvidos para o pleito deste ano.<\/p>\n\n\n\n<div class=\"wp-block-image\"><figure class=\"alignleft size-large is-resized\"><img fetchpriority=\"high\" decoding=\"async\" src=\"https:\/\/www.portalalerta.com.br\/wp-content\/uploads\/2022\/03\/Real-Calcados-Estilo-e-Moda-para-Voce-1024x459.jpeg\" alt=\"\" class=\"wp-image-41407\" width=\"349\" height=\"156\"\/><\/figure><\/div>\n\n\n\n<p>De acordo com a nota oficial do TSE, o termo de ades\u00e3o n\u00e3o implica compromissos financeiros ou transfer\u00eancias de recursos entre o aplicativo de mensagens e o tribunal. Desse modo, cada uma das institui\u00e7\u00f5es deve arcar com os custos necess\u00e1rios \u00e0s respectivas participa\u00e7\u00f5es no programa.<\/p>\n\n\n\n<p>Al\u00e9m da C\u00e2mara dos Deputados e do Senado Federal, o programa do TSE conta com o apoio das principais plataformas de m\u00eddias sociais e de servi\u00e7o de mensagens, como Google, Facebook, Instagram e WhatsApp.<\/p>\n\n\n\n<p>Na quinta (24), durante uma reuni\u00e3o com integrantes do TSE, o representante do Telegram no Brasil, Alan Campos Elias Thomaz, informou que levaria a proposta aos executivos da plataforma, afirmando que estavam empenhados no combate \u00e0s fake news.<\/p>\n\n\n\n<p><em>Fonte: Yahoo Not\u00edcias<\/em><\/p>\n","protected":false},"excerpt":{"rendered":"<p>O Telegram assinou nesta sexta-feira (25) sua ades\u00e3o ao Programa de Enfrentamento \u00e0 Desinforma\u00e7\u00e3o, do TSE (Tribunal Superior Eleitoral).<\/p>\n","protected":false},"author":2,"featured_media":41629,"comment_status":"open","ping_status":"open","sticky":false,"template":"","format":"standard","meta":{"om_disable_all_campaigns":false,"_monsterinsights_skip_tracking":false,"_monsterinsights_sitenote_active":false,"_monsterinsights_sitenote_note":"","_monsterinsights_sitenote_category":0,"footnotes":""},"categories":[34,70,69,21],"tags":[93,3181,5300,549],"class_list":["post-41758","post","type-post","status-publish","format-standard","has-post-thumbnail","hentry","category-brasil","category-destaques","category-noticias2","category-politica","tag-brasil","tag-eleicoes-2022","tag-telegram","tag-tse"],"aioseo_notices":[],"_links":{"self":[{"href":"https:\/\/www.portalalerta.com.br\/index.php\/wp-json\/wp\/v2\/posts\/41758","targetHints":{"allow":["GET"]}}],"collection":[{"href":"https:\/\/www.portalalerta.com.br\/index.php\/wp-json\/wp\/v2\/posts"}],"about":[{"href":"https:\/\/www.portalalerta.com.br\/index.php\/wp-json\/wp\/v2\/types\/post"}],"author":[{"embeddable":true,"href":"https:\/\/www.portalalerta.com.br\/index.php\/wp-json\/wp\/v2\/users\/2"}],"replies":[{"embeddable":true,"href":"https:\/\/www.portalalerta.com.br\/index.php\/wp-json\/wp\/v2\/comments?post=41758"}],"version-history":[{"count":1,"href":"https:\/\/www.portalalerta.com.br\/index.php\/wp-json\/wp\/v2\/posts\/41758\/revisions"}],"predecessor-version":[{"id":41759,"href":"https:\/\/www.portalalerta.com.br\/index.php\/wp-json\/wp\/v2\/posts\/41758\/revisions\/41759"}],"wp:featuredmedia":[{"embeddable":true,"href":"https:\/\/www.portalalerta.com.br\/index.php\/wp-json\/wp\/v2\/media\/41629"}],"wp:attachment":[{"href":"https:\/\/www.portalalerta.com.br\/index.php\/wp-json\/wp\/v2\/media?parent=41758"}],"wp:term":[{"taxonomy":"category","embeddable":true,"href":"https:\/\/www.portalalerta.com.br\/index.php\/wp-json\/wp\/v2\/categories?post=41758"},{"taxonomy":"post_tag","embeddable":true,"href":"https:\/\/www.portalalerta.com.br\/index.php\/wp-json\/wp\/v2\/tags?post=41758"}],"curies":[{"name":"wp","href":"https:\/\/api.w.org\/{rel}","templated":true}]}}