{"id":41760,"date":"2022-03-25T21:59:00","date_gmt":"2022-03-26T00:59:00","guid":{"rendered":"https:\/\/www.portalalerta.com.br\/?p=41760"},"modified":"2022-03-25T21:59:02","modified_gmt":"2022-03-26T00:59:02","slug":"menor-e-apreendido-logo-apos-cometer-homicidio-em-euclides-da-cunha-ba","status":"publish","type":"post","link":"https:\/\/www.portalalerta.com.br\/index.php\/2022\/03\/25\/menor-e-apreendido-logo-apos-cometer-homicidio-em-euclides-da-cunha-ba\/","title":{"rendered":"Menor \u00e9 apreendido logo ap\u00f3s cometer homic\u00eddio, em Euclides da Cunha-BA"},"content":{"rendered":"\n<p>O autor de um homic\u00eddio ocorrido na noite desta quinta-feira (24) no bairro Duda Mac\u00e1rio, em Euclides da Cunha-BA, se apresentou \u00e0 Pol\u00edcia Civil da cidade. De acordo com informa\u00e7\u00f5es, um homem identificado pelo prenome Vinicius morreu ap\u00f3s ser ferido a facadas.<\/p>\n\n\n\n<!--more-->\n\n\n\n<p>Segundo informa\u00e7\u00f5es preliminares, existia a suspeita de que Vinicius estaria mantendo um relacionamento amoroso com a esposa do autor, bem como teria feito amea\u00e7as ao mesmo. Diante do exposto, o jovem que \u00e9 menor de idade, procurou por Vinicius, cometendo assim o homic\u00eddio.<\/p>\n\n\n\n<div class=\"wp-block-image\"><figure class=\"aligncenter size-full\"><img fetchpriority=\"high\" decoding=\"async\" width=\"240\" height=\"320\" src=\"https:\/\/www.portalalerta.com.br\/wp-content\/uploads\/2022\/03\/homicidio-em-Euclides-da-Cunha-2022.1.jpg\" alt=\"\" class=\"wp-image-41762\" srcset=\"https:\/\/www.portalalerta.com.br\/wp-content\/uploads\/2022\/03\/homicidio-em-Euclides-da-Cunha-2022.1.jpg 240w, https:\/\/www.portalalerta.com.br\/wp-content\/uploads\/2022\/03\/homicidio-em-Euclides-da-Cunha-2022.1-180x240.jpg 180w, https:\/\/www.portalalerta.com.br\/wp-content\/uploads\/2022\/03\/homicidio-em-Euclides-da-Cunha-2022.1-110x146.jpg 110w, https:\/\/www.portalalerta.com.br\/wp-content\/uploads\/2022\/03\/homicidio-em-Euclides-da-Cunha-2022.1-38x50.jpg 38w, https:\/\/www.portalalerta.com.br\/wp-content\/uploads\/2022\/03\/homicidio-em-Euclides-da-Cunha-2022.1-56x75.jpg 56w\" sizes=\"(max-width: 240px) 100vw, 240px\" \/><figcaption>Vinicius morreu v\u00edtima de facadas<\/figcaption><\/figure><\/div>\n\n\n\n<p>Ainda segundo relatos, o infrator \u00e9 investigado pela autoria de outro homic\u00eddio, ocorrido h\u00e1 aproximadamente um ano.<\/p>\n\n\n\n<p><em>Reda\u00e7\u00e3o: Portal Alerta<\/em><\/p>\n\n\n\n<p><em>Com informa\u00e7\u00f5es e imagens: euclidesdacunha.com.br<\/em><\/p>\n","protected":false},"excerpt":{"rendered":"<p>O autor de um homic\u00eddio ocorrido na noite desta quinta-feira (24) no bairro Duda Mac\u00e1rio, em Euclides da Cunha-BA, se apresentou \u00e0 Pol\u00edcia Civil da cidade. De acordo com informa\u00e7\u00f5es, um homem identificado pelo prenome Vinicius morreu ap\u00f3s ser ferido a facadas.<\/p>\n","protected":false},"author":2,"featured_media":41763,"comment_status":"open","ping_status":"open","sticky":false,"template":"","format":"standard","meta":{"om_disable_all_campaigns":false,"_monsterinsights_skip_tracking":false,"_monsterinsights_sitenote_active":false,"_monsterinsights_sitenote_note":"","_monsterinsights_sitenote_category":0,"footnotes":""},"categories":[70,17,69,32,22],"tags":[129,492,206,169],"class_list":["post-41760","post","type-post","status-publish","format-standard","has-post-thumbnail","hentry","category-destaques","category-euclides-da-cunha","category-noticias2","category-regiao","category-seguranca","tag-euclides-da-cunha","tag-facada","tag-homicidio","tag-morte"],"aioseo_notices":[],"_links":{"self":[{"href":"https:\/\/www.portalalerta.com.br\/index.php\/wp-json\/wp\/v2\/posts\/41760","targetHints":{"allow":["GET"]}}],"collection":[{"href":"https:\/\/www.portalalerta.com.br\/index.php\/wp-json\/wp\/v2\/posts"}],"about":[{"href":"https:\/\/www.portalalerta.com.br\/index.php\/wp-json\/wp\/v2\/types\/post"}],"author":[{"embeddable":true,"href":"https:\/\/www.portalalerta.com.br\/index.php\/wp-json\/wp\/v2\/users\/2"}],"replies":[{"embeddable":true,"href":"https:\/\/www.portalalerta.com.br\/index.php\/wp-json\/wp\/v2\/comments?post=41760"}],"version-history":[{"count":1,"href":"https:\/\/www.portalalerta.com.br\/index.php\/wp-json\/wp\/v2\/posts\/41760\/revisions"}],"predecessor-version":[{"id":41764,"href":"https:\/\/www.portalalerta.com.br\/index.php\/wp-json\/wp\/v2\/posts\/41760\/revisions\/41764"}],"wp:featuredmedia":[{"embeddable":true,"href":"https:\/\/www.portalalerta.com.br\/index.php\/wp-json\/wp\/v2\/media\/41763"}],"wp:attachment":[{"href":"https:\/\/www.portalalerta.com.br\/index.php\/wp-json\/wp\/v2\/media?parent=41760"}],"wp:term":[{"taxonomy":"category","embeddable":true,"href":"https:\/\/www.portalalerta.com.br\/index.php\/wp-json\/wp\/v2\/categories?post=41760"},{"taxonomy":"post_tag","embeddable":true,"href":"https:\/\/www.portalalerta.com.br\/index.php\/wp-json\/wp\/v2\/tags?post=41760"}],"curies":[{"name":"wp","href":"https:\/\/api.w.org\/{rel}","templated":true}]}}