{"id":41765,"date":"2022-03-25T22:03:48","date_gmt":"2022-03-26T01:03:48","guid":{"rendered":"https:\/\/www.portalalerta.com.br\/?p=41765"},"modified":"2022-03-25T22:03:49","modified_gmt":"2022-03-26T01:03:49","slug":"russia-diz-que-1a-fase-da-guerra-na-ucrania-foi-concluida","status":"publish","type":"post","link":"https:\/\/www.portalalerta.com.br\/index.php\/2022\/03\/25\/russia-diz-que-1a-fase-da-guerra-na-ucrania-foi-concluida\/","title":{"rendered":"R\u00fassia diz que 1\u00aa fase da guerra na Ucr\u00e2nia &#8216;foi conclu\u00edda&#8217;"},"content":{"rendered":"\n<p>O Minist\u00e9rio da Defesa da R\u00fassia disse nesta sexta-feira (25) que a primeira fase da \u201copera\u00e7\u00e3o militar\u201d \u2014 como chamam a guerra \u2014 na Ucr\u00e2nia foi conclu\u00edda.<\/p>\n\n\n\n<!--more-->\n\n\n\n<p>Segundo as autoridades russas, agora o foco vai estar concentrado na &#8220;liberta\u00e7\u00e3o&#8221; da regi\u00e3o de Donbas, no leste do pa\u00eds.<\/p>\n\n\n\n<div class=\"wp-block-image\"><figure class=\"alignleft size-full is-resized\"><img fetchpriority=\"high\" decoding=\"async\" src=\"https:\/\/www.portalalerta.com.br\/wp-content\/uploads\/2021\/04\/ELAB.jpg\" alt=\"\" class=\"wp-image-34795\" width=\"375\" height=\"300\" srcset=\"https:\/\/www.portalalerta.com.br\/wp-content\/uploads\/2021\/04\/ELAB.jpg 1000w, https:\/\/www.portalalerta.com.br\/wp-content\/uploads\/2021\/04\/ELAB-300x240.jpg 300w, https:\/\/www.portalalerta.com.br\/wp-content\/uploads\/2021\/04\/ELAB-768x614.jpg 768w, https:\/\/www.portalalerta.com.br\/wp-content\/uploads\/2021\/04\/ELAB-183x146.jpg 183w, https:\/\/www.portalalerta.com.br\/wp-content\/uploads\/2021\/04\/ELAB-50x40.jpg 50w, https:\/\/www.portalalerta.com.br\/wp-content\/uploads\/2021\/04\/ELAB-94x75.jpg 94w\" sizes=\"(max-width: 375px) 100vw, 375px\" \/><\/figure><\/div>\n\n\n\n<p>Segundo informa\u00e7\u00f5es da pasta, a R\u00fassia controla 93% de Luhansk e 54% de Donetsk, as autoproclamadas rep\u00fablicas no leste da Ucr\u00e2nia. As duas \u00e1reas ficam na regi\u00e3o de Donbas e foram reconhecidas como independentes pelo Kremlin \u2014governo russo.<\/p>\n\n\n\n<p><strong><em>&#8220;O potencial de combate das For\u00e7as Armadas da Ucr\u00e2nia foi consideravelmente reduzido, o que torna poss\u00edvel concentrar nossos esfor\u00e7os centrais em alcan\u00e7ar o objetivo principal, a liberta\u00e7\u00e3o de Donbas&#8221;<\/em><\/strong>, disse Sergei Rudskoi, chefe do Estado-maior da R\u00fassia.<\/p>\n\n\n\n<p>A ONU (Organiza\u00e7\u00e3o das Na\u00e7\u00f5es Unidas) disse ter confirmado 1.081 mortes de civis e 1.707 feridos na Ucr\u00e2nia desde o in\u00edcio da invas\u00e3o, no dia 24 de fevereiro. A organiza\u00e7\u00e3o afirma, por\u00e9m, que o n\u00famero real provavelmente \u00e9 muito maior.<\/p>\n\n\n\n<p>J\u00e1 o Minist\u00e9rio da Defesa da R\u00fassia disse que 1.351 soldados russos foram mortos e 3.825 feridos na guerra contra a Ucr\u00e2nia, informou a ag\u00eancia de not\u00edcias Interfax.<\/p>\n\n\n\n<p><em>Fonte: Yahoo Not\u00edcias<\/em><\/p>\n","protected":false},"excerpt":{"rendered":"<p>O Minist\u00e9rio da Defesa da R\u00fassia disse nesta sexta-feira (25) que a primeira fase da \u201copera\u00e7\u00e3o militar\u201d \u2014 como chamam a guerra \u2014 na Ucr\u00e2nia foi conclu\u00edda.<\/p>\n","protected":false},"author":2,"featured_media":41460,"comment_status":"open","ping_status":"open","sticky":false,"template":"","format":"standard","meta":{"om_disable_all_campaigns":false,"_monsterinsights_skip_tracking":false,"_monsterinsights_sitenote_active":false,"_monsterinsights_sitenote_note":"","_monsterinsights_sitenote_category":0,"footnotes":""},"categories":[70,35,69],"tags":[835,339,826,3331],"class_list":["post-41765","post","type-post","status-publish","format-standard","has-post-thumbnail","hentry","category-destaques","category-mundo","category-noticias2","tag-guerra","tag-mundo","tag-russia","tag-ucrania"],"aioseo_notices":[],"_links":{"self":[{"href":"https:\/\/www.portalalerta.com.br\/index.php\/wp-json\/wp\/v2\/posts\/41765","targetHints":{"allow":["GET"]}}],"collection":[{"href":"https:\/\/www.portalalerta.com.br\/index.php\/wp-json\/wp\/v2\/posts"}],"about":[{"href":"https:\/\/www.portalalerta.com.br\/index.php\/wp-json\/wp\/v2\/types\/post"}],"author":[{"embeddable":true,"href":"https:\/\/www.portalalerta.com.br\/index.php\/wp-json\/wp\/v2\/users\/2"}],"replies":[{"embeddable":true,"href":"https:\/\/www.portalalerta.com.br\/index.php\/wp-json\/wp\/v2\/comments?post=41765"}],"version-history":[{"count":1,"href":"https:\/\/www.portalalerta.com.br\/index.php\/wp-json\/wp\/v2\/posts\/41765\/revisions"}],"predecessor-version":[{"id":41766,"href":"https:\/\/www.portalalerta.com.br\/index.php\/wp-json\/wp\/v2\/posts\/41765\/revisions\/41766"}],"wp:featuredmedia":[{"embeddable":true,"href":"https:\/\/www.portalalerta.com.br\/index.php\/wp-json\/wp\/v2\/media\/41460"}],"wp:attachment":[{"href":"https:\/\/www.portalalerta.com.br\/index.php\/wp-json\/wp\/v2\/media?parent=41765"}],"wp:term":[{"taxonomy":"category","embeddable":true,"href":"https:\/\/www.portalalerta.com.br\/index.php\/wp-json\/wp\/v2\/categories?post=41765"},{"taxonomy":"post_tag","embeddable":true,"href":"https:\/\/www.portalalerta.com.br\/index.php\/wp-json\/wp\/v2\/tags?post=41765"}],"curies":[{"name":"wp","href":"https:\/\/api.w.org\/{rel}","templated":true}]}}