{"id":41769,"date":"2022-03-26T15:12:29","date_gmt":"2022-03-26T18:12:29","guid":{"rendered":"https:\/\/www.portalalerta.com.br\/?p=41769"},"modified":"2022-03-26T15:12:30","modified_gmt":"2022-03-26T18:12:30","slug":"policia-militar-recupera-motos-roubadas-e-objetos-de-furto-e-roubo-em-sitio-do-quinto-ba","status":"publish","type":"post","link":"https:\/\/www.portalalerta.com.br\/index.php\/2022\/03\/26\/policia-militar-recupera-motos-roubadas-e-objetos-de-furto-e-roubo-em-sitio-do-quinto-ba\/","title":{"rendered":"Pol\u00edcia Militar recupera motos roubadas e objetos de furto e roubo em S\u00edtio do Quinto-BA"},"content":{"rendered":"\n<p>Policiais do 20\u00ba Batalh\u00e3o de Pol\u00edcia Militar de Paulo Afonso-BA comandada pelo Tenente Coronel PM Gabriel Neto, realizou na \u00faltima quinta-feira (24), a\u00e7\u00e3o, por volta das 04:00 h, ap\u00f3s a guarni\u00e7\u00e3o ser informada via telefone que na localidade Boqueir\u00e3o de Baixo, munic\u00edpio de S\u00edtio do Quinto-BA, havia alguns indiv\u00edduos suspeitos de terem roubado motocicletas na regi\u00e3o.<\/p>\n\n\n\n<!--more-->\n\n\n\n<p>A guarni\u00e7\u00e3o deslocou-se para o local informado e ao fazer a aproxima\u00e7\u00e3o os indiv\u00edduos perceberam a presen\u00e7a dos policiais e evadiram-se pelos fundos da casa, adentrando num matagal, tomando destino ignorado.<\/p>\n\n\n\n<div class=\"wp-block-image\"><figure class=\"alignleft size-large is-resized\"><img fetchpriority=\"high\" decoding=\"async\" src=\"https:\/\/www.portalalerta.com.br\/wp-content\/uploads\/2022\/03\/Real-Calcados-Estilo-e-Moda-para-Voce-1024x459.jpeg\" alt=\"\" class=\"wp-image-41407\" width=\"383\" height=\"171\"\/><\/figure><\/div>\n\n\n\n<p>Foram realizadas buscas, sem \u00eaxito, tendo o vaqueiro do propriet\u00e1rio da fazenda acompanhado as buscas na resid\u00eancia, onde foram encontrados alguns pertences dos indiv\u00edduos, pe\u00e7as de motocicletas e a placa de identifica\u00e7\u00e3o da motocicleta furtada no Povoado Tingui, munic\u00edpio de S\u00edtio do Quinta, no \u00faltimo dia 22\/03\/2022, como tamb\u00e9m uma mochila contendo chaves para desmonte de motocicletas.<br>Ao questionar o vaqueiro quem eram os indiv\u00edduos que ali estavam ele informou que eram os netos do propriet\u00e1rio da fazenda. Disse ainda que chegaram com os capacetes na m\u00e3o. Ao realizar novas buscas pela \u00e1rea da fazenda, foram encontradas tr\u00eas motocicletas na cor preta, uma delas sem placas de identifica\u00e7\u00e3o. Ap\u00f3s consulta junto ao Sistema de Seguran\u00e7a P\u00fablica, o Chassi de uma delas apontava como sendo a motocicleta furtada no Povoado Tingui, salientando que a mesma \u00e9 na cor vermelha e fora pintada na cor preta, modificando sua caracter\u00edstica original, para n\u00e3o ser identificada. A outra com a Placa diferente das caracter\u00edsticas diferindo tamb\u00e9m com o chassi. E a terceira fora utilizada pelos indiv\u00edduos para a pr\u00e1tica de assaltos e furtos, inclusive da motocicleta furtada no Povoado Tingui. Ap\u00f3s coleta das informa\u00e7\u00f5es as motocicletas foram apresentadas a Delegacia de Pol\u00edcia Civil local para a tomada das medidas cab\u00edveis.&nbsp; &nbsp;&nbsp;<\/p>\n\n\n\n<p>Na oportunidade, foi efetuada a pris\u00e3o em flagrante, al\u00e9m da apreens\u00e3o dos seguintes materiais: <strong><em>03 (tr\u00eas) Motocicletas da Marca Honda, Modelo 125 Fan; 02 (dois) Capacetes; 02 (dois) Celulares; 01 (uma) Placa de identifica\u00e7\u00e3o de motocicleta; 01 (uma) bolsa contendo ferramentas para retirada de pe\u00e7as e desmonte de motocicletas; 01 (uma) rabeta de motocicleta e 01 (uma) lanterna traseira de motocicleta.<\/em><\/strong><\/p>\n\n\n\n<p>Diante dos fatos mencionados, todo o material aprendido foi apresentado \u00e0 Delegacia de Paulo Afonso para ado\u00e7\u00e3o das medidas cab\u00edveis.<\/p>\n\n\n\n<p>O 20\u00ba BPM tem intensificado as a\u00e7\u00f5es no policiamento ostensivo na sua \u00e1rea de responsabilidade, a fim de proporcionar \u00e0 comunidade maior sensa\u00e7\u00e3o de seguran\u00e7a e o sentimento de paz social.<\/p>\n\n\n\n<p><em>Fonte: Ascom 20 BPM<\/em><em><\/em><\/p>\n","protected":false},"excerpt":{"rendered":"<p>Policiais do 20\u00ba Batalh\u00e3o de Pol\u00edcia Militar de Paulo Afonso-BA comandada pelo Tenente Coronel PM Gabriel Neto, realizou na \u00faltima quinta-feira (24), a\u00e7\u00e3o, por volta das 04:00 h, ap\u00f3s a guarni\u00e7\u00e3o ser informada via telefone que na localidade Boqueir\u00e3o de Baixo, munic\u00edpio de S\u00edtio do Quinto-BA, havia alguns indiv\u00edduos suspeitos de terem roubado motocicletas na &hellip;<\/p>\n","protected":false},"author":2,"featured_media":41770,"comment_status":"open","ping_status":"open","sticky":false,"template":"","format":"standard","meta":{"om_disable_all_campaigns":false,"_monsterinsights_skip_tracking":false,"_monsterinsights_sitenote_active":false,"_monsterinsights_sitenote_note":"","_monsterinsights_sitenote_category":0,"footnotes":""},"categories":[70,69,32,22,7],"tags":[789,79,101,111,102],"class_list":["post-41769","post","type-post","status-publish","format-standard","has-post-thumbnail","hentry","category-destaques","category-noticias2","category-regiao","category-seguranca","category-sitio-do-quinto","tag-20o-bpm","tag-policia-militar","tag-roubo-de-moto","tag-sitio-do-quinto","tag-veiculo-recuperado"],"aioseo_notices":[],"_links":{"self":[{"href":"https:\/\/www.portalalerta.com.br\/index.php\/wp-json\/wp\/v2\/posts\/41769","targetHints":{"allow":["GET"]}}],"collection":[{"href":"https:\/\/www.portalalerta.com.br\/index.php\/wp-json\/wp\/v2\/posts"}],"about":[{"href":"https:\/\/www.portalalerta.com.br\/index.php\/wp-json\/wp\/v2\/types\/post"}],"author":[{"embeddable":true,"href":"https:\/\/www.portalalerta.com.br\/index.php\/wp-json\/wp\/v2\/users\/2"}],"replies":[{"embeddable":true,"href":"https:\/\/www.portalalerta.com.br\/index.php\/wp-json\/wp\/v2\/comments?post=41769"}],"version-history":[{"count":1,"href":"https:\/\/www.portalalerta.com.br\/index.php\/wp-json\/wp\/v2\/posts\/41769\/revisions"}],"predecessor-version":[{"id":41771,"href":"https:\/\/www.portalalerta.com.br\/index.php\/wp-json\/wp\/v2\/posts\/41769\/revisions\/41771"}],"wp:featuredmedia":[{"embeddable":true,"href":"https:\/\/www.portalalerta.com.br\/index.php\/wp-json\/wp\/v2\/media\/41770"}],"wp:attachment":[{"href":"https:\/\/www.portalalerta.com.br\/index.php\/wp-json\/wp\/v2\/media?parent=41769"}],"wp:term":[{"taxonomy":"category","embeddable":true,"href":"https:\/\/www.portalalerta.com.br\/index.php\/wp-json\/wp\/v2\/categories?post=41769"},{"taxonomy":"post_tag","embeddable":true,"href":"https:\/\/www.portalalerta.com.br\/index.php\/wp-json\/wp\/v2\/tags?post=41769"}],"curies":[{"name":"wp","href":"https:\/\/api.w.org\/{rel}","templated":true}]}}