{"id":41772,"date":"2022-03-26T15:19:56","date_gmt":"2022-03-26T18:19:56","guid":{"rendered":"https:\/\/www.portalalerta.com.br\/?p=41772"},"modified":"2022-03-26T15:19:59","modified_gmt":"2022-03-26T18:19:59","slug":"policia-federal-abre-inquerito-para-apurar-irregularidades-no-mec","status":"publish","type":"post","link":"https:\/\/www.portalalerta.com.br\/index.php\/2022\/03\/26\/policia-federal-abre-inquerito-para-apurar-irregularidades-no-mec\/","title":{"rendered":"Pol\u00edcia Federal abre inqu\u00e9rito para apurar irregularidades no MEC"},"content":{"rendered":"\n<p>O caso tamb\u00e9m \u00e9 apurado pela Procuradoria da Rep\u00fablica no DF<\/p>\n\n\n\n<!--more-->\n\n\n\n<p>A Pol\u00edcia Federal abriu um inqu\u00e9rito para investigar supostas irregularidades na libera\u00e7\u00e3o de recursos do Fundo Nacional de Desenvolvimento da Educa\u00e7\u00e3o (FNDE), \u00f3rg\u00e3o ligado ao Minist\u00e9rio da Educa\u00e7\u00e3o. A investiga\u00e7\u00e3o ser\u00e1 conduzida pela superintend\u00eancia em Bras\u00edlia e n\u00e3o envolve pessoas com foro privilegiado.<\/p>\n\n\n\n<p>Na segunda-feira (21), uma reportagem do jornal Folha de S.Paulo&nbsp;<a href=\"https:\/\/www.metro1.com.br\/noticias\/politica\/120801,milton-ribeiro-admite-ter-priorizado-amigos-de-pastor-em-repasses-a-pedido-de-bolsonaro-diz-jornal\" target=\"_blank\" rel=\"noreferrer noopener\"><strong>divulgou um \u00e1udio em que o ministro da Educa\u00e7\u00e3o, Milton Ribeiro, diz favorecer, a pedido do presidente Jair Bolsonaro, prefeituras de munic\u00edpios ligados a dois pastores<\/strong><\/a>.<\/p>\n\n\n\n<p>A divulga\u00e7\u00e3o da grava\u00e7\u00e3o foi um fato novo envolvendo a quest\u00e3o, que, segundo a Controladoria-Geral da Uni\u00e3o (CGU), era investigada desde o ano passado.<\/p>\n\n\n\n<p>As den\u00fancias foram recebidas pela CGU no dia 27 de agosto de 2021 e tratam de poss\u00edveis irregularidades que estariam ocorrendo em eventos realizados pelo MEC e sobre o oferecimento de vantagem indevida, por parte de terceiros, para a libera\u00e7\u00e3o de verbas do fundo. A apura\u00e7\u00e3o ocorreu entre os dias 29 de setembro de 2021 e 3 de mar\u00e7o de 2022.<\/p>\n\n\n\n<p>O \u00f3rg\u00e3o concluiu que agentes p\u00fablicos n\u00e3o estavam envolvidos nas supostas irregularidades e enviou o caso ontem para a PF, que abriu um inqu\u00e9rito criminal.<\/p>\n\n\n\n<p>Na \u00faltima quinta-feira (24), a ministra do Supremo Tribunal Federal (STF) C\u00e1rmen L\u00facia autorizou a abertura de inqu\u00e9rito para investigar Milton Ribeiro.<\/p>\n\n\n\n<p>O caso tamb\u00e9m \u00e9 apurado na esfera c\u00edvel pela Procuradoria da Rep\u00fablica no Distrito Federal. O Tribunal de Contas de Uni\u00e3o (TCU) tamb\u00e9m vai realizar uma fiscaliza\u00e7\u00e3o extraordin\u00e1ria no Minist\u00e9rio da Educa\u00e7\u00e3o.<\/p>\n\n\n\n<p><strong>Defesa &#8211;&nbsp;<\/strong>Em nota divulgada \u00e0 imprensa ap\u00f3s a divulga\u00e7\u00e3o do \u00e1udio, o ministro Milton Ribeiro disse n\u00e3o haver nenhum tipo de favorecimento na distribui\u00e7\u00e3o de verbas da pasta. Segundo Ribeiro, a aloca\u00e7\u00e3o de recursos federais segue a legisla\u00e7\u00e3o or\u00e7ament\u00e1ria.<\/p>\n\n\n\n<p><strong><em>&#8220;N\u00e3o h\u00e1 nenhuma possibilidade de o ministro determinar aloca\u00e7\u00e3o de recursos para favorecer ou desfavorecer qualquer munic\u00edpio ou estado\u201d<\/em><\/strong>, disse o ministro na nota.<\/p>\n\n\n\n<p><em>Fonte: Metro1<\/em><\/p>\n","protected":false},"excerpt":{"rendered":"<p>O caso tamb\u00e9m \u00e9 apurado pela Procuradoria da Rep\u00fablica no DF<\/p>\n","protected":false},"author":2,"featured_media":41774,"comment_status":"open","ping_status":"open","sticky":false,"template":"","format":"standard","meta":{"om_disable_all_campaigns":false,"_monsterinsights_skip_tracking":false,"_monsterinsights_sitenote_active":false,"_monsterinsights_sitenote_note":"","_monsterinsights_sitenote_category":0,"footnotes":""},"categories":[34,70,20,69,21],"tags":[93,1805,3795,173,199],"class_list":["post-41772","post","type-post","status-publish","format-standard","has-post-thumbnail","hentry","category-brasil","category-destaques","category-educacao","category-noticias2","category-politica","tag-brasil","tag-ministro-da-educacao","tag-pastor-milton-ribeiro","tag-policia-federal","tag-politica"],"aioseo_notices":[],"_links":{"self":[{"href":"https:\/\/www.portalalerta.com.br\/index.php\/wp-json\/wp\/v2\/posts\/41772","targetHints":{"allow":["GET"]}}],"collection":[{"href":"https:\/\/www.portalalerta.com.br\/index.php\/wp-json\/wp\/v2\/posts"}],"about":[{"href":"https:\/\/www.portalalerta.com.br\/index.php\/wp-json\/wp\/v2\/types\/post"}],"author":[{"embeddable":true,"href":"https:\/\/www.portalalerta.com.br\/index.php\/wp-json\/wp\/v2\/users\/2"}],"replies":[{"embeddable":true,"href":"https:\/\/www.portalalerta.com.br\/index.php\/wp-json\/wp\/v2\/comments?post=41772"}],"version-history":[{"count":1,"href":"https:\/\/www.portalalerta.com.br\/index.php\/wp-json\/wp\/v2\/posts\/41772\/revisions"}],"predecessor-version":[{"id":41775,"href":"https:\/\/www.portalalerta.com.br\/index.php\/wp-json\/wp\/v2\/posts\/41772\/revisions\/41775"}],"wp:featuredmedia":[{"embeddable":true,"href":"https:\/\/www.portalalerta.com.br\/index.php\/wp-json\/wp\/v2\/media\/41774"}],"wp:attachment":[{"href":"https:\/\/www.portalalerta.com.br\/index.php\/wp-json\/wp\/v2\/media?parent=41772"}],"wp:term":[{"taxonomy":"category","embeddable":true,"href":"https:\/\/www.portalalerta.com.br\/index.php\/wp-json\/wp\/v2\/categories?post=41772"},{"taxonomy":"post_tag","embeddable":true,"href":"https:\/\/www.portalalerta.com.br\/index.php\/wp-json\/wp\/v2\/tags?post=41772"}],"curies":[{"name":"wp","href":"https:\/\/api.w.org\/{rel}","templated":true}]}}