{"id":41776,"date":"2022-03-26T15:37:39","date_gmt":"2022-03-26T18:37:39","guid":{"rendered":"https:\/\/www.portalalerta.com.br\/?p=41776"},"modified":"2022-03-26T15:37:41","modified_gmt":"2022-03-26T18:37:41","slug":"governo-de-sergipe-suspende-a-obrigatoriedade-do-uso-de-mascara-e-estabelece-novas-regras-para-eventos","status":"publish","type":"post","link":"https:\/\/www.portalalerta.com.br\/index.php\/2022\/03\/26\/governo-de-sergipe-suspende-a-obrigatoriedade-do-uso-de-mascara-e-estabelece-novas-regras-para-eventos\/","title":{"rendered":"Governo de Sergipe suspende a obrigatoriedade do uso de m\u00e1scara e estabelece novas regras para eventos"},"content":{"rendered":"\n<p>O uso de m\u00e1scaras foi suspenso em locais abertos e fechados em Sergipe. A decis\u00e3o foi confirmada pelo governo, que tamb\u00e9m estabeleceu novas regras para eventos, na tarde desta quinta-feira (24), ap\u00f3s an\u00e1lise junto ao Comit\u00ea T\u00e9cnico-Cient\u00edfico e de Atividades Especiais, que avalia o cen\u00e1rio epidemiol\u00f3gico no estado.<\/p>\n\n\n\n<!--more-->\n\n\n\n<p>Segundo o governo, para realizar a flexibiliza\u00e7\u00e3o da libera\u00e7\u00e3o para locais abertos foi levado em considera\u00e7\u00e3o o avan\u00e7o da vacina\u00e7\u00e3o e a mudan\u00e7a no cen\u00e1rio da pandemia que est\u00e1 mais favor\u00e1vel no estado e no pa\u00eds. Na \u00faltima segunda-feira, os deputados estaduais votaram a favor do Projeto de Lei do governo que revogava o uso de m\u00e1scaras de prote\u00e7\u00e3o contra a Covid-19.<\/p>\n\n\n\n<p>Apesar da libera\u00e7\u00e3o, o Comit\u00ea fez recomenda\u00e7\u00f5es do uso de m\u00e1scaras em algumas situa\u00e7\u00f5es, baseadas na \u00faltima carta da Sociedade Brasileira de Imunologia, s\u00e3o elas:<\/p>\n\n\n\n<div class=\"wp-block-image\"><figure class=\"alignright size-full is-resized\"><img fetchpriority=\"high\" decoding=\"async\" src=\"https:\/\/www.portalalerta.com.br\/wp-content\/uploads\/2021\/04\/ELAB.jpg\" alt=\"\" class=\"wp-image-34795\" width=\"381\" height=\"304\" srcset=\"https:\/\/www.portalalerta.com.br\/wp-content\/uploads\/2021\/04\/ELAB.jpg 1000w, https:\/\/www.portalalerta.com.br\/wp-content\/uploads\/2021\/04\/ELAB-300x240.jpg 300w, https:\/\/www.portalalerta.com.br\/wp-content\/uploads\/2021\/04\/ELAB-768x614.jpg 768w, https:\/\/www.portalalerta.com.br\/wp-content\/uploads\/2021\/04\/ELAB-183x146.jpg 183w, https:\/\/www.portalalerta.com.br\/wp-content\/uploads\/2021\/04\/ELAB-50x40.jpg 50w, https:\/\/www.portalalerta.com.br\/wp-content\/uploads\/2021\/04\/ELAB-94x75.jpg 94w\" sizes=\"(max-width: 381px) 100vw, 381px\" \/><\/figure><\/div>\n\n\n\n<p><strong>Pacientes sintom\u00e1ticos ou em contato com transmiss\u00f5es<\/strong><strong><\/strong><\/p>\n\n\n\n<p><strong>Sintomas de resfriado comum e s\u00edndromes gripais;<\/strong><strong><\/strong><\/p>\n\n\n\n<p><strong>Profissionais de sa\u00fade que atuem na rede p\u00fablica e familiares deles;<\/strong><strong><\/strong><\/p>\n\n\n\n<p><strong>Popula\u00e7\u00e3o vulner\u00e1vel;<\/strong><strong><\/strong><\/p>\n\n\n\n<p><strong>N\u00e3o vacinados com as tr\u00eas doses ou dose de refor\u00e7o;<\/strong><strong><\/strong><\/p>\n\n\n\n<p><strong>Imunossuprimidos;<\/strong><strong><\/strong><\/p>\n\n\n\n<p><strong>Idosos acima de 60 anos, em especial com comorbidades;<\/strong><strong><\/strong><\/p>\n\n\n\n<p><strong>Gestantes;<\/strong><strong><\/strong><\/p>\n\n\n\n<p><strong>Sempre que tiver em locais de risco de transmiss\u00e3o de Covid- 19, como: transporte p\u00fablico, ag\u00eancias banc\u00e1rias, reparti\u00e7\u00f5es, lot\u00e9ricas e institui\u00e7\u00f5es de ensino;<\/strong><strong><\/strong><\/p>\n\n\n\n<p><strong>Locais abertos com aglomera\u00e7\u00e3o.<\/strong><strong><\/strong><\/p>\n\n\n\n<p><br><strong><u>Eventos<\/u><\/strong><strong><u><\/u><\/strong><\/p>\n\n\n\n<p>Sobre a realiza\u00e7\u00e3o de eventos, o governo informou que as cidades que alcan\u00e7aram a taxa de 75% da popula\u00e7\u00e3o vacinada com duas doses, est\u00e3o liberadas para realizar eventos com qualquer n\u00famero de pessoas. J\u00e1 nas que n\u00e3o atingiram, os eventos podem acontecer com at\u00e9 3 mil pessoas em ambientes externos e 1,5 mil em internos.&nbsp;<\/p>\n\n\n\n<p><em>Fonte: Itapicuru Not\u00edcias<\/em><\/p>\n","protected":false},"excerpt":{"rendered":"<p>O uso de m\u00e1scaras foi suspenso em locais abertos e fechados em Sergipe. A decis\u00e3o foi confirmada pelo governo, que tamb\u00e9m estabeleceu novas regras para eventos, na tarde desta quinta-feira (24), ap\u00f3s an\u00e1lise junto ao Comit\u00ea T\u00e9cnico-Cient\u00edfico e de Atividades Especiais, que avalia o cen\u00e1rio epidemiol\u00f3gico no estado.<\/p>\n","protected":false},"author":2,"featured_media":22980,"comment_status":"open","ping_status":"open","sticky":false,"template":"","format":"standard","meta":{"om_disable_all_campaigns":false,"_monsterinsights_skip_tracking":false,"_monsterinsights_sitenote_active":false,"_monsterinsights_sitenote_note":"","_monsterinsights_sitenote_category":0,"footnotes":""},"categories":[34,70,69,19],"tags":[93,3429,3486,3536,61],"class_list":["post-41776","post","type-post","status-publish","format-standard","has-post-thumbnail","hentry","category-brasil","category-destaques","category-noticias2","category-saude","tag-brasil","tag-coronavirus","tag-covid-19","tag-mascaras-de-protecao","tag-saude"],"aioseo_notices":[],"_links":{"self":[{"href":"https:\/\/www.portalalerta.com.br\/index.php\/wp-json\/wp\/v2\/posts\/41776","targetHints":{"allow":["GET"]}}],"collection":[{"href":"https:\/\/www.portalalerta.com.br\/index.php\/wp-json\/wp\/v2\/posts"}],"about":[{"href":"https:\/\/www.portalalerta.com.br\/index.php\/wp-json\/wp\/v2\/types\/post"}],"author":[{"embeddable":true,"href":"https:\/\/www.portalalerta.com.br\/index.php\/wp-json\/wp\/v2\/users\/2"}],"replies":[{"embeddable":true,"href":"https:\/\/www.portalalerta.com.br\/index.php\/wp-json\/wp\/v2\/comments?post=41776"}],"version-history":[{"count":1,"href":"https:\/\/www.portalalerta.com.br\/index.php\/wp-json\/wp\/v2\/posts\/41776\/revisions"}],"predecessor-version":[{"id":41777,"href":"https:\/\/www.portalalerta.com.br\/index.php\/wp-json\/wp\/v2\/posts\/41776\/revisions\/41777"}],"wp:featuredmedia":[{"embeddable":true,"href":"https:\/\/www.portalalerta.com.br\/index.php\/wp-json\/wp\/v2\/media\/22980"}],"wp:attachment":[{"href":"https:\/\/www.portalalerta.com.br\/index.php\/wp-json\/wp\/v2\/media?parent=41776"}],"wp:term":[{"taxonomy":"category","embeddable":true,"href":"https:\/\/www.portalalerta.com.br\/index.php\/wp-json\/wp\/v2\/categories?post=41776"},{"taxonomy":"post_tag","embeddable":true,"href":"https:\/\/www.portalalerta.com.br\/index.php\/wp-json\/wp\/v2\/tags?post=41776"}],"curies":[{"name":"wp","href":"https:\/\/api.w.org\/{rel}","templated":true}]}}