{"id":41780,"date":"2022-03-26T15:52:04","date_gmt":"2022-03-26T18:52:04","guid":{"rendered":"https:\/\/www.portalalerta.com.br\/?p=41780"},"modified":"2022-03-26T15:52:05","modified_gmt":"2022-03-26T18:52:05","slug":"adolescente-e-assassinado-a-tiros-em-araci-ba","status":"publish","type":"post","link":"https:\/\/www.portalalerta.com.br\/index.php\/2022\/03\/26\/adolescente-e-assassinado-a-tiros-em-araci-ba\/","title":{"rendered":"Adolescente \u00e9 assassinado a tiros em Araci-BA"},"content":{"rendered":"\n<p>Um adolescente de 17 anos, identificado como Jadson Kaique Neves dos Santos, foi morto a tiros por homens encapuzados no bairro Recanto das Flores, em Araci-BA, na \u00faltima quarta-feira (23).<\/p>\n\n\n\n<!--more-->\n\n\n\n<div class=\"wp-block-image\"><figure class=\"alignleft size-large is-resized\"><img fetchpriority=\"high\" decoding=\"async\" src=\"https:\/\/www.portalalerta.com.br\/wp-content\/uploads\/2022\/03\/Real-Calcados-Estilo-e-Moda-para-Voce-1024x459.jpeg\" alt=\"\" class=\"wp-image-41407\" width=\"403\" height=\"180\"\/><\/figure><\/div>\n\n\n\n<p><br>A Pol\u00edcia Militar foi acionada pelo Centro Integrado de Comunica\u00e7\u00e3o (Cicom) da Secretaria de Seguran\u00e7a P\u00fablica da Bahia (SSP-BA) com a informa\u00e7\u00e3o dos disparos de armas de fogo por volta das 21h40 na Quadra A.<br><br>Quando a PM chegou ao local, s\u00f3 encontrou a v\u00edtima ca\u00edda num local conhecido como Subida do Bonfim. Os policiais isolaram a \u00e1rea e acionaram o Departamento de Pol\u00edcia T\u00e9cnica (DPT).<br><br>Foram realizados os levantamentos iniciais e a investiga\u00e7\u00e3o ser\u00e1 realizada pela DT\/Araci. Ningu\u00e9m foi preso at\u00e9 ent\u00e3o.<\/p>\n\n\n\n<div class=\"wp-block-image\"><figure class=\"aligncenter size-full\"><img decoding=\"async\" width=\"500\" height=\"350\" src=\"https:\/\/www.portalalerta.com.br\/wp-content\/uploads\/2022\/03\/homicidio-em-Araci-2022.jpg\" alt=\"\" class=\"wp-image-41781\" srcset=\"https:\/\/www.portalalerta.com.br\/wp-content\/uploads\/2022\/03\/homicidio-em-Araci-2022.jpg 500w, https:\/\/www.portalalerta.com.br\/wp-content\/uploads\/2022\/03\/homicidio-em-Araci-2022-343x240.jpg 343w, https:\/\/www.portalalerta.com.br\/wp-content\/uploads\/2022\/03\/homicidio-em-Araci-2022-209x146.jpg 209w, https:\/\/www.portalalerta.com.br\/wp-content\/uploads\/2022\/03\/homicidio-em-Araci-2022-50x35.jpg 50w, https:\/\/www.portalalerta.com.br\/wp-content\/uploads\/2022\/03\/homicidio-em-Araci-2022-107x75.jpg 107w\" sizes=\"(max-width: 500px) 100vw, 500px\" \/><figcaption>Jadson foi assassinado \u00e0 tiros<\/figcaption><\/figure><\/div>\n\n\n\n<p><em>Fonte: Cleriston Silva<\/em><\/p>\n","protected":false},"excerpt":{"rendered":"<p>Um adolescente de 17 anos, identificado como Jadson Kaique Neves dos Santos, foi morto a tiros por homens encapuzados no bairro Recanto das Flores, em Araci-BA, na \u00faltima quarta-feira (23).<\/p>\n","protected":false},"author":2,"featured_media":36437,"comment_status":"open","ping_status":"open","sticky":false,"template":"","format":"standard","meta":{"om_disable_all_campaigns":false,"_monsterinsights_skip_tracking":false,"_monsterinsights_sitenote_active":false,"_monsterinsights_sitenote_note":"","_monsterinsights_sitenote_category":0,"footnotes":""},"categories":[41,70,69,32,22],"tags":[1222,375,206,169],"class_list":["post-41780","post","type-post","status-publish","format-standard","has-post-thumbnail","hentry","category-araci","category-destaques","category-noticias2","category-regiao","category-seguranca","tag-adolescente","tag-disparos-de-arma-de-fogo","tag-homicidio","tag-morte"],"aioseo_notices":[],"_links":{"self":[{"href":"https:\/\/www.portalalerta.com.br\/index.php\/wp-json\/wp\/v2\/posts\/41780","targetHints":{"allow":["GET"]}}],"collection":[{"href":"https:\/\/www.portalalerta.com.br\/index.php\/wp-json\/wp\/v2\/posts"}],"about":[{"href":"https:\/\/www.portalalerta.com.br\/index.php\/wp-json\/wp\/v2\/types\/post"}],"author":[{"embeddable":true,"href":"https:\/\/www.portalalerta.com.br\/index.php\/wp-json\/wp\/v2\/users\/2"}],"replies":[{"embeddable":true,"href":"https:\/\/www.portalalerta.com.br\/index.php\/wp-json\/wp\/v2\/comments?post=41780"}],"version-history":[{"count":1,"href":"https:\/\/www.portalalerta.com.br\/index.php\/wp-json\/wp\/v2\/posts\/41780\/revisions"}],"predecessor-version":[{"id":41782,"href":"https:\/\/www.portalalerta.com.br\/index.php\/wp-json\/wp\/v2\/posts\/41780\/revisions\/41782"}],"wp:featuredmedia":[{"embeddable":true,"href":"https:\/\/www.portalalerta.com.br\/index.php\/wp-json\/wp\/v2\/media\/36437"}],"wp:attachment":[{"href":"https:\/\/www.portalalerta.com.br\/index.php\/wp-json\/wp\/v2\/media?parent=41780"}],"wp:term":[{"taxonomy":"category","embeddable":true,"href":"https:\/\/www.portalalerta.com.br\/index.php\/wp-json\/wp\/v2\/categories?post=41780"},{"taxonomy":"post_tag","embeddable":true,"href":"https:\/\/www.portalalerta.com.br\/index.php\/wp-json\/wp\/v2\/tags?post=41780"}],"curies":[{"name":"wp","href":"https:\/\/api.w.org\/{rel}","templated":true}]}}