{"id":41783,"date":"2022-03-27T14:28:54","date_gmt":"2022-03-27T17:28:54","guid":{"rendered":"https:\/\/www.portalalerta.com.br\/?p=41783"},"modified":"2022-03-27T14:28:55","modified_gmt":"2022-03-27T17:28:55","slug":"bolsonaro-chama-dilma-de-presidanta-e-petistas-de-quadrilha","status":"publish","type":"post","link":"https:\/\/www.portalalerta.com.br\/index.php\/2022\/03\/27\/bolsonaro-chama-dilma-de-presidanta-e-petistas-de-quadrilha\/","title":{"rendered":"Bolsonaro chama Dilma de \u201cpresidanta\u201d e petistas de \u201cquadrilha\u201d"},"content":{"rendered":"\n<p>O presidente Jair Bolsonaro (PL)\u00a0se referiu na sexta-feira (25) \u00e0 ex-presidente Dilma Roussef como \u201cpresidanta\u201d. A declara\u00e7\u00e3o foi dada durante a cerim\u00f4nia de lan\u00e7amento de novas entregas do Programa Renda e Oportunidade, no Pal\u00e1cio do Planalto.\u00a0O presidente\u00a0fez um discurso cheio de cr\u00edticas aos petistas.<\/p>\n\n\n\n<!--more-->\n\n\n\n<p><strong><em>\u201c<\/em><\/strong><strong><em>Vou deixar claro aqui como era f\u00e1cil mandar \u00e1gua para o Nordeste. Levou-se 10 anos, gastou-se um absurdo, desviaram muito dinheiro. O custo de aproximadamente R$ 14 bilh\u00f5es, que \u00e9 o gasto at\u00e9 agora, equivale a 100 vezes o endividamento da Petrobras e do BNDES<\/em><\/strong><strong><em>\u201d,<\/em><\/strong> come\u00e7ou.<\/p>\n\n\n\n<p><strong><em>\u201c<\/em><\/strong><strong><em>Isso foi roubo, desvio, projetos mal feitos, dinheiro para fora do Brasil ou algu\u00e9m acha que (Nicol\u00e1s) Maduro est\u00e1 pagando a d\u00edvida do metr\u00f4 em Caracas (Venezuela)? N\u00e3o tem metr\u00f4 em BH, mas tem metr\u00f4 em Caracas.&nbsp;E a \u00faltima presidente era de Minas, ou melhor \u2018presidanta\u2019<\/em><\/strong><strong><em>\u201d,<\/em><\/strong> continuou Bolsonaro.<\/p>\n\n\n\n<p>O chefe do Executivo destacou ainda que, em ano de elei\u00e7\u00e3o, <strong>\u201c<\/strong><strong><em>n\u00e3o querem voltar apenas um cara para a cena do crime,<\/em><\/strong><em>&nbsp;<strong>mas a quadrilha toda<\/strong><\/em>\u201d.<\/p>\n\n\n\n<p><em>Fonte: Chico Sabe Tudo<\/em><\/p>\n","protected":false},"excerpt":{"rendered":"<p>O presidente Jair Bolsonaro (PL)\u00a0se referiu na sexta-feira (25) \u00e0 ex-presidente Dilma Roussef como \u201cpresidanta\u201d. A declara\u00e7\u00e3o foi dada durante a cerim\u00f4nia de lan\u00e7amento de novas entregas do Programa Renda e Oportunidade, no Pal\u00e1cio do Planalto.\u00a0O presidente\u00a0fez um discurso cheio de cr\u00edticas aos petistas.<\/p>\n","protected":false},"author":2,"featured_media":13641,"comment_status":"open","ping_status":"open","sticky":false,"template":"","format":"standard","meta":{"om_disable_all_campaigns":false,"_monsterinsights_skip_tracking":false,"_monsterinsights_sitenote_active":false,"_monsterinsights_sitenote_note":"","_monsterinsights_sitenote_category":0,"footnotes":""},"categories":[34,70,69,21],"tags":[93,730,1395,199],"class_list":["post-41783","post","type-post","status-publish","format-standard","has-post-thumbnail","hentry","category-brasil","category-destaques","category-noticias2","category-politica","tag-brasil","tag-dilma-rousseff","tag-jair-bolsonaro","tag-politica"],"aioseo_notices":[],"_links":{"self":[{"href":"https:\/\/www.portalalerta.com.br\/index.php\/wp-json\/wp\/v2\/posts\/41783","targetHints":{"allow":["GET"]}}],"collection":[{"href":"https:\/\/www.portalalerta.com.br\/index.php\/wp-json\/wp\/v2\/posts"}],"about":[{"href":"https:\/\/www.portalalerta.com.br\/index.php\/wp-json\/wp\/v2\/types\/post"}],"author":[{"embeddable":true,"href":"https:\/\/www.portalalerta.com.br\/index.php\/wp-json\/wp\/v2\/users\/2"}],"replies":[{"embeddable":true,"href":"https:\/\/www.portalalerta.com.br\/index.php\/wp-json\/wp\/v2\/comments?post=41783"}],"version-history":[{"count":1,"href":"https:\/\/www.portalalerta.com.br\/index.php\/wp-json\/wp\/v2\/posts\/41783\/revisions"}],"predecessor-version":[{"id":41784,"href":"https:\/\/www.portalalerta.com.br\/index.php\/wp-json\/wp\/v2\/posts\/41783\/revisions\/41784"}],"wp:featuredmedia":[{"embeddable":true,"href":"https:\/\/www.portalalerta.com.br\/index.php\/wp-json\/wp\/v2\/media\/13641"}],"wp:attachment":[{"href":"https:\/\/www.portalalerta.com.br\/index.php\/wp-json\/wp\/v2\/media?parent=41783"}],"wp:term":[{"taxonomy":"category","embeddable":true,"href":"https:\/\/www.portalalerta.com.br\/index.php\/wp-json\/wp\/v2\/categories?post=41783"},{"taxonomy":"post_tag","embeddable":true,"href":"https:\/\/www.portalalerta.com.br\/index.php\/wp-json\/wp\/v2\/tags?post=41783"}],"curies":[{"name":"wp","href":"https:\/\/api.w.org\/{rel}","templated":true}]}}