{"id":41785,"date":"2022-03-27T14:34:45","date_gmt":"2022-03-27T17:34:45","guid":{"rendered":"https:\/\/www.portalalerta.com.br\/?p=41785"},"modified":"2022-03-27T14:34:47","modified_gmt":"2022-03-27T17:34:47","slug":"bahia-sofre-sexto-aumento-de-gasolina-no-ano","status":"publish","type":"post","link":"https:\/\/www.portalalerta.com.br\/index.php\/2022\/03\/27\/bahia-sofre-sexto-aumento-de-gasolina-no-ano\/","title":{"rendered":"Bahia sofre sexto aumento de gasolina no ano"},"content":{"rendered":"\n<p>Estado tem a gasolina mais cara do pa\u00eds<\/p>\n\n\n\n<!--more-->\n\n\n\n<p>A Bahia ter\u00e1 um novo aumento no pre\u00e7o da gasolina. De acordo com o\u00a0Sindicato do Com\u00e9rcio de Combust\u00edveis, Energias Alternativas e Lojas de Conveni\u00eancia do Estado da Bahia (Sindicombust\u00edveis Bahia), distribuidoras e postos de combust\u00edveis foram informados do sexto aumento dos pre\u00e7os da gasolina e do diesel na manh\u00e3 deste s\u00e1bado (26).<\/p>\n\n\n\n<div class=\"wp-block-image\"><figure class=\"alignleft size-full is-resized\"><img fetchpriority=\"high\" decoding=\"async\" src=\"https:\/\/www.portalalerta.com.br\/wp-content\/uploads\/2021\/04\/ELAB.jpg\" alt=\"\" class=\"wp-image-34795\" width=\"301\" height=\"240\" srcset=\"https:\/\/www.portalalerta.com.br\/wp-content\/uploads\/2021\/04\/ELAB.jpg 1000w, https:\/\/www.portalalerta.com.br\/wp-content\/uploads\/2021\/04\/ELAB-300x240.jpg 300w, https:\/\/www.portalalerta.com.br\/wp-content\/uploads\/2021\/04\/ELAB-768x614.jpg 768w, https:\/\/www.portalalerta.com.br\/wp-content\/uploads\/2021\/04\/ELAB-183x146.jpg 183w, https:\/\/www.portalalerta.com.br\/wp-content\/uploads\/2021\/04\/ELAB-50x40.jpg 50w, https:\/\/www.portalalerta.com.br\/wp-content\/uploads\/2021\/04\/ELAB-94x75.jpg 94w\" sizes=\"(max-width: 301px) 100vw, 301px\" \/><\/figure><\/div>\n\n\n\n<p>Segundo o\u00a0sindicato,\u00a0a Acelen, operadora da Refinaria Mataripe, aumentou em R$0,15 o pre\u00e7o do litro da gasolina A, e em R$0,56 o pre\u00e7o do litro do diesel S10 para as distribuidoras.\u00a0<br><br>Por meio de nota, a Acelen justificou o aumento com a guerra que ocorre na Ucr\u00e2nia.\u00a0 <strong><em>&#8220;Nos \u00faltimos 26 dias, com o agravamento da crise gerada pelo conflito entre R\u00fassia e Ucr\u00e2nia, o pre\u00e7o internacional do barril de petr\u00f3leo disparou, superando os US$120 por barril, o que gerou impacto direto nos custos de produ\u00e7\u00e3o&#8221;<\/em><\/strong>.<br><br>Ainda segundo a Acelen, o aumento ser\u00e1 de 12,5% para o\u00a0Diesel S10 e 3,7% para a Gasolina A, enquanto o Diesel S500 n\u00e3o sofre mudan\u00e7as no pre\u00e7o.\u00a0 A\u00a0refinaria j\u00e1 come\u00e7a a vender os combust\u00edveis \u00e0s distribuidoras com o novo reajuste a partir de hoje. J\u00e1 a\u00a0decis\u00e3o de repassar os aumentos ou n\u00e3o aos consumidores &#8211; ou seja, aumentar ou n\u00e3o o pre\u00e7o na bomba de gasolina para quem abastece &#8211; cabe \u00e0s distribuidoras e a cada posto.<\/p>\n\n\n\n<p><em>Fonte: Metro1<\/em><\/p>\n","protected":false},"excerpt":{"rendered":"<p>Estado tem a gasolina mais cara do pa\u00eds<\/p>\n","protected":false},"author":2,"featured_media":38822,"comment_status":"open","ping_status":"open","sticky":false,"template":"","format":"standard","meta":{"om_disable_all_campaigns":false,"_monsterinsights_skip_tracking":false,"_monsterinsights_sitenote_active":false,"_monsterinsights_sitenote_note":"","_monsterinsights_sitenote_category":0,"footnotes":""},"categories":[33,70,69],"tags":[100,71,48,54,4179,75,4178,273,4180,129,107,4181,132,230,3828,106,203,120,51,109,401,88,47,111],"class_list":["post-41785","post","type-post","status-publish","format-standard","has-post-thumbnail","hentry","category-bahia","category-destaques","category-noticias2","tag-adustina","tag-antas","tag-araci","tag-bahia","tag-banzae-2","tag-cicero-dantas","tag-cipo-2","tag-combustivel","tag-crisopolis-2","tag-euclides-da-cunha","tag-fatima","tag-heliopolis-2","tag-itapicuru","tag-jeremoabo","tag-noticias","tag-nova-soure","tag-novo-triunfo","tag-olindina","tag-paripiranga","tag-quijingue","tag-reajuste-de-precos","tag-ribeira-do-amparo","tag-ribeira-do-pombal","tag-sitio-do-quinto"],"aioseo_notices":[],"_links":{"self":[{"href":"https:\/\/www.portalalerta.com.br\/index.php\/wp-json\/wp\/v2\/posts\/41785","targetHints":{"allow":["GET"]}}],"collection":[{"href":"https:\/\/www.portalalerta.com.br\/index.php\/wp-json\/wp\/v2\/posts"}],"about":[{"href":"https:\/\/www.portalalerta.com.br\/index.php\/wp-json\/wp\/v2\/types\/post"}],"author":[{"embeddable":true,"href":"https:\/\/www.portalalerta.com.br\/index.php\/wp-json\/wp\/v2\/users\/2"}],"replies":[{"embeddable":true,"href":"https:\/\/www.portalalerta.com.br\/index.php\/wp-json\/wp\/v2\/comments?post=41785"}],"version-history":[{"count":1,"href":"https:\/\/www.portalalerta.com.br\/index.php\/wp-json\/wp\/v2\/posts\/41785\/revisions"}],"predecessor-version":[{"id":41786,"href":"https:\/\/www.portalalerta.com.br\/index.php\/wp-json\/wp\/v2\/posts\/41785\/revisions\/41786"}],"wp:featuredmedia":[{"embeddable":true,"href":"https:\/\/www.portalalerta.com.br\/index.php\/wp-json\/wp\/v2\/media\/38822"}],"wp:attachment":[{"href":"https:\/\/www.portalalerta.com.br\/index.php\/wp-json\/wp\/v2\/media?parent=41785"}],"wp:term":[{"taxonomy":"category","embeddable":true,"href":"https:\/\/www.portalalerta.com.br\/index.php\/wp-json\/wp\/v2\/categories?post=41785"},{"taxonomy":"post_tag","embeddable":true,"href":"https:\/\/www.portalalerta.com.br\/index.php\/wp-json\/wp\/v2\/tags?post=41785"}],"curies":[{"name":"wp","href":"https:\/\/api.w.org\/{rel}","templated":true}]}}