{"id":41790,"date":"2022-03-27T14:49:01","date_gmt":"2022-03-27T17:49:01","guid":{"rendered":"https:\/\/www.portalalerta.com.br\/?p=41790"},"modified":"2022-03-27T14:49:02","modified_gmt":"2022-03-27T17:49:02","slug":"morre-o-secretario-de-educacao-de-euclides-da-cunha-ba-marcelo-cardoso","status":"publish","type":"post","link":"https:\/\/www.portalalerta.com.br\/index.php\/2022\/03\/27\/morre-o-secretario-de-educacao-de-euclides-da-cunha-ba-marcelo-cardoso\/","title":{"rendered":"Morre o secret\u00e1rio de educa\u00e7\u00e3o de Euclides da Cunha-BA, Marcelo Cardoso"},"content":{"rendered":"\n<p>O secret\u00e1rio de Educa\u00e7\u00e3o de Euclides da Cunha, Bahia, Marcelo Cardoso de Andrade, morreu aos 42 anos neste domingo (27), na cidade de Feira de Santana-BA.<\/p>\n\n\n\n<!--more-->\n\n\n\n<p>O corpo ser\u00e1 transladado para a cidade de Euclides da Cunha ainda neste domingo. N\u00e3o h\u00e1 detalhes sobre o sepultamento.<\/p>\n\n\n\n<div class=\"wp-block-image\"><figure class=\"alignleft size-large is-resized\"><img fetchpriority=\"high\" decoding=\"async\" src=\"https:\/\/www.portalalerta.com.br\/wp-content\/uploads\/2022\/03\/Real-Calcados-Estilo-e-Moda-para-Voce-1024x459.jpeg\" alt=\"\" class=\"wp-image-41407\" width=\"414\" height=\"185\"\/><\/figure><\/div>\n\n\n\n<p>Marcelo Cardoso estava internado h\u00e1 aproximadamente um m\u00eas. Nas \u00faltimas semanas, o quadro cl\u00ednico evoluiu de forma negativa, per\u00edodo em que as pessoas iniciaram uma campanha na internet pedindo ora\u00e7\u00e3o em nome do paciente.<\/p>\n\n\n\n<p>Graduado em Hist\u00f3ria pela FTC, ele era especialista em Gest\u00e3o Escolar, atuava na Rede Municipal de Ensino como professor desde 2009. Foi diretor do Centro Educacional Juviniano Gomes dos Santos em 2004 e em 2007. Em 2019, atuou como Gestor Escolar no Col\u00e9gio Modelo Joaquim Silva Dantas e estava \u00e0 frente da Pasta da Educa\u00e7\u00e3o deste 2021.<\/p>\n\n\n\n<p>Ele deixa sua m\u00e3e, um irm\u00e3o e uma irm\u00e3, a quem a equipe deixa suas condol\u00eancias, incluindo a seus amigos e demais familiares.<\/p>\n\n\n\n<p><em>Fonte: euclidesdacunha.com<\/em><\/p>\n","protected":false},"excerpt":{"rendered":"<p>O secret\u00e1rio de Educa\u00e7\u00e3o de Euclides da Cunha, Bahia, Marcelo Cardoso de Andrade, morreu aos 42 anos neste domingo (27), na cidade de Feira de Santana-BA.<\/p>\n","protected":false},"author":2,"featured_media":41791,"comment_status":"open","ping_status":"open","sticky":false,"template":"","format":"standard","meta":{"om_disable_all_campaigns":false,"_monsterinsights_skip_tracking":false,"_monsterinsights_sitenote_active":false,"_monsterinsights_sitenote_note":"","_monsterinsights_sitenote_category":0,"footnotes":""},"categories":[70,20,17,69,32,19],"tags":[129,169,5330],"class_list":["post-41790","post","type-post","status-publish","format-standard","has-post-thumbnail","hentry","category-destaques","category-educacao","category-euclides-da-cunha","category-noticias2","category-regiao","category-saude","tag-euclides-da-cunha","tag-morte","tag-secretario-da-educacao"],"aioseo_notices":[],"_links":{"self":[{"href":"https:\/\/www.portalalerta.com.br\/index.php\/wp-json\/wp\/v2\/posts\/41790","targetHints":{"allow":["GET"]}}],"collection":[{"href":"https:\/\/www.portalalerta.com.br\/index.php\/wp-json\/wp\/v2\/posts"}],"about":[{"href":"https:\/\/www.portalalerta.com.br\/index.php\/wp-json\/wp\/v2\/types\/post"}],"author":[{"embeddable":true,"href":"https:\/\/www.portalalerta.com.br\/index.php\/wp-json\/wp\/v2\/users\/2"}],"replies":[{"embeddable":true,"href":"https:\/\/www.portalalerta.com.br\/index.php\/wp-json\/wp\/v2\/comments?post=41790"}],"version-history":[{"count":1,"href":"https:\/\/www.portalalerta.com.br\/index.php\/wp-json\/wp\/v2\/posts\/41790\/revisions"}],"predecessor-version":[{"id":41792,"href":"https:\/\/www.portalalerta.com.br\/index.php\/wp-json\/wp\/v2\/posts\/41790\/revisions\/41792"}],"wp:featuredmedia":[{"embeddable":true,"href":"https:\/\/www.portalalerta.com.br\/index.php\/wp-json\/wp\/v2\/media\/41791"}],"wp:attachment":[{"href":"https:\/\/www.portalalerta.com.br\/index.php\/wp-json\/wp\/v2\/media?parent=41790"}],"wp:term":[{"taxonomy":"category","embeddable":true,"href":"https:\/\/www.portalalerta.com.br\/index.php\/wp-json\/wp\/v2\/categories?post=41790"},{"taxonomy":"post_tag","embeddable":true,"href":"https:\/\/www.portalalerta.com.br\/index.php\/wp-json\/wp\/v2\/tags?post=41790"}],"curies":[{"name":"wp","href":"https:\/\/api.w.org\/{rel}","templated":true}]}}