{"id":41793,"date":"2022-03-28T07:00:00","date_gmt":"2022-03-28T10:00:00","guid":{"rendered":"https:\/\/www.portalalerta.com.br\/?p=41793"},"modified":"2022-03-27T17:06:08","modified_gmt":"2022-03-27T20:06:08","slug":"laudo-de-mulher-que-manteve-relacoes-com-morador-de-rua-e-divulgado-e-pode-esclarecer-atitudes-maniaca-psicotica","status":"publish","type":"post","link":"https:\/\/www.portalalerta.com.br\/index.php\/2022\/03\/28\/laudo-de-mulher-que-manteve-relacoes-com-morador-de-rua-e-divulgado-e-pode-esclarecer-atitudes-maniaca-psicotica\/","title":{"rendered":"Laudo de mulher que manteve rela\u00e7\u00f5es com morador de rua \u00e9 divulgado e pode esclarecer atitudes: \u2018Man\u00edaca psic\u00f3tica\u2019"},"content":{"rendered":"\n<p>A esposa de Eduardo Alves segue internada, em busca de melhora cl\u00ednica.<\/p>\n\n\n\n<!--more-->\n\n\n\n<p>Nesta sexta-feira (25), foi divulgado o laudo m\u00e9dico da esposa do&nbsp;<strong>personal trainer<\/strong>,<strong>&nbsp;<\/strong>que foi flagrada mantendo rela\u00e7\u00f5es com um morador de rua. Em entrevista, o marido,&nbsp;<strong>Eduardo Alves<\/strong>, revelou que a mulher havia passado por um surto psic\u00f3tico e estava internada em uma cl\u00ednica psiqui\u00e1trica. O personal afirmou que agrediu Givaldo Alves por acreditar que a esposa estava sofrendo abuso.<\/p>\n\n\n\n<p>O morador de rua concedeu entrevista ao site Metr\u00f3poles e negou que tenha cometido abuso contra a mulher, ressaltando ter sido ela a respons\u00e1vel pelo convite para que os dois mantivessem rela\u00e7\u00e3o \u00edntima. De acordo com o site R7, o&nbsp;<strong>relat\u00f3rio psiqui\u00e1trico<\/strong>&nbsp;da mulher, de fato, aponta para um surto.<\/p>\n\n\n\n<p>Segundo o documento, a esposa do personal foi diagnosticada com \u201c<em>transtorno afetivo bipolar em fase man\u00edaca psic\u00f3tica<\/em>\u201c. O relat\u00f3rio esclarece que a mulher foi encaminhada ao Hospital Regional de Planaltina, no dia 10 de mar\u00e7o, por apresentar quadro delirante e ter mantido rela\u00e7\u00f5es com um morador de rua.<\/p>\n\n\n\n<p>No documento ainda consta que a mulher n\u00e3o tem condi\u00e7\u00f5es de responder por si, bem como de praticar atos da vida civil. Ela tamb\u00e9m estaria sendo medicada com psicofarmacol\u00f3gicos espec\u00edficos, estando tamb\u00e9m em terapia antirretroviral profil\u00e1tica, devido \u00e0s rela\u00e7\u00f5es \u00edntimas que manteve com o morador de rua.<\/p>\n\n\n\n<div class=\"wp-block-image\"><figure class=\"aligncenter size-full\"><img fetchpriority=\"high\" decoding=\"async\" width=\"600\" height=\"813\" src=\"https:\/\/www.portalalerta.com.br\/wp-content\/uploads\/2022\/03\/laudo-medico-de-mulher-que-se-relacionou-com-mendigo-2022.jpg\" alt=\"\" class=\"wp-image-41794\" srcset=\"https:\/\/www.portalalerta.com.br\/wp-content\/uploads\/2022\/03\/laudo-medico-de-mulher-que-se-relacionou-com-mendigo-2022.jpg 600w, https:\/\/www.portalalerta.com.br\/wp-content\/uploads\/2022\/03\/laudo-medico-de-mulher-que-se-relacionou-com-mendigo-2022-177x240.jpg 177w, https:\/\/www.portalalerta.com.br\/wp-content\/uploads\/2022\/03\/laudo-medico-de-mulher-que-se-relacionou-com-mendigo-2022-108x146.jpg 108w, https:\/\/www.portalalerta.com.br\/wp-content\/uploads\/2022\/03\/laudo-medico-de-mulher-que-se-relacionou-com-mendigo-2022-37x50.jpg 37w, https:\/\/www.portalalerta.com.br\/wp-content\/uploads\/2022\/03\/laudo-medico-de-mulher-que-se-relacionou-com-mendigo-2022-55x75.jpg 55w\" sizes=\"(max-width: 600px) 100vw, 600px\" \/><\/figure><\/div>\n\n\n\n<p>O laudo ainda conclui que a mulher n\u00e3o tem previs\u00e3o de alta hospitalar. At\u00e9 o momento, ela n\u00e3o prestou depoimento \u00e0 pol\u00edcia, devido ao seu quadro psicol\u00f3gico.&nbsp;<strong>Givaldo Alves<\/strong>&nbsp;e Eduardo Alves j\u00e1 foram ouvidos pela pol\u00edcia.<\/p>\n\n\n\n<p><em>Fonte: i7 News<\/em><\/p>\n","protected":false},"excerpt":{"rendered":"<p>A esposa de Eduardo Alves segue internada, em busca de melhora cl\u00ednica.<\/p>\n","protected":false},"author":2,"featured_media":41795,"comment_status":"open","ping_status":"open","sticky":false,"template":"","format":"standard","meta":{"om_disable_all_campaigns":false,"_monsterinsights_skip_tracking":false,"_monsterinsights_sitenote_active":false,"_monsterinsights_sitenote_note":"","_monsterinsights_sitenote_category":0,"footnotes":""},"categories":[34,70,69],"tags":[93,5331,3176],"class_list":["post-41793","post","type-post","status-publish","format-standard","has-post-thumbnail","hentry","category-brasil","category-destaques","category-noticias2","tag-brasil","tag-laudo-medico","tag-morador-de-rua"],"aioseo_notices":[],"_links":{"self":[{"href":"https:\/\/www.portalalerta.com.br\/index.php\/wp-json\/wp\/v2\/posts\/41793","targetHints":{"allow":["GET"]}}],"collection":[{"href":"https:\/\/www.portalalerta.com.br\/index.php\/wp-json\/wp\/v2\/posts"}],"about":[{"href":"https:\/\/www.portalalerta.com.br\/index.php\/wp-json\/wp\/v2\/types\/post"}],"author":[{"embeddable":true,"href":"https:\/\/www.portalalerta.com.br\/index.php\/wp-json\/wp\/v2\/users\/2"}],"replies":[{"embeddable":true,"href":"https:\/\/www.portalalerta.com.br\/index.php\/wp-json\/wp\/v2\/comments?post=41793"}],"version-history":[{"count":1,"href":"https:\/\/www.portalalerta.com.br\/index.php\/wp-json\/wp\/v2\/posts\/41793\/revisions"}],"predecessor-version":[{"id":41796,"href":"https:\/\/www.portalalerta.com.br\/index.php\/wp-json\/wp\/v2\/posts\/41793\/revisions\/41796"}],"wp:featuredmedia":[{"embeddable":true,"href":"https:\/\/www.portalalerta.com.br\/index.php\/wp-json\/wp\/v2\/media\/41795"}],"wp:attachment":[{"href":"https:\/\/www.portalalerta.com.br\/index.php\/wp-json\/wp\/v2\/media?parent=41793"}],"wp:term":[{"taxonomy":"category","embeddable":true,"href":"https:\/\/www.portalalerta.com.br\/index.php\/wp-json\/wp\/v2\/categories?post=41793"},{"taxonomy":"post_tag","embeddable":true,"href":"https:\/\/www.portalalerta.com.br\/index.php\/wp-json\/wp\/v2\/tags?post=41793"}],"curies":[{"name":"wp","href":"https:\/\/api.w.org\/{rel}","templated":true}]}}