{"id":41797,"date":"2022-03-28T07:01:00","date_gmt":"2022-03-28T10:01:00","guid":{"rendered":"https:\/\/www.portalalerta.com.br\/?p=41797"},"modified":"2022-03-27T17:11:18","modified_gmt":"2022-03-27T20:11:18","slug":"apos-assembleia-servidores-do-inss-na-bahia-decretam-greve-por-tempo-indeterminado","status":"publish","type":"post","link":"https:\/\/www.portalalerta.com.br\/index.php\/2022\/03\/28\/apos-assembleia-servidores-do-inss-na-bahia-decretam-greve-por-tempo-indeterminado\/","title":{"rendered":"Ap\u00f3s assembleia, servidores do INSS na Bahia decretam greve por tempo indeterminado"},"content":{"rendered":"\n<p>Os servidores do INSS na Bahia decidiram, nesta sexta-feira (25), ap\u00f3s assembleia h\u00edbrida, que entrar\u00e3o em greve por tempo indeterminado. A medida j\u00e1 vale para a pr\u00f3xima segunda-feira (28), com a suspens\u00e3o dos atendimentos em todas as sete ger\u00eancias e 140 postos de atendimento no Estado.<\/p>\n\n\n\n<!--more-->\n\n\n\n<div class=\"wp-block-image\"><figure class=\"alignleft size-full is-resized\"><img fetchpriority=\"high\" decoding=\"async\" src=\"https:\/\/www.portalalerta.com.br\/wp-content\/uploads\/2021\/04\/ELAB.jpg\" alt=\"\" class=\"wp-image-34795\" width=\"406\" height=\"324\" srcset=\"https:\/\/www.portalalerta.com.br\/wp-content\/uploads\/2021\/04\/ELAB.jpg 1000w, https:\/\/www.portalalerta.com.br\/wp-content\/uploads\/2021\/04\/ELAB-300x240.jpg 300w, https:\/\/www.portalalerta.com.br\/wp-content\/uploads\/2021\/04\/ELAB-768x614.jpg 768w, https:\/\/www.portalalerta.com.br\/wp-content\/uploads\/2021\/04\/ELAB-183x146.jpg 183w, https:\/\/www.portalalerta.com.br\/wp-content\/uploads\/2021\/04\/ELAB-50x40.jpg 50w, https:\/\/www.portalalerta.com.br\/wp-content\/uploads\/2021\/04\/ELAB-94x75.jpg 94w\" sizes=\"(max-width: 406px) 100vw, 406px\" \/><\/figure><\/div>\n\n\n\n<p>A categoria alega que o governo federal sequer apreciou a pauta de reivindica\u00e7\u00f5es dos trabalhadores que n\u00e3o t\u00eam reposi\u00e7\u00e3o salarial h\u00e1 tr\u00eas anos. Eles tamb\u00e9m defendem a realiza\u00e7\u00e3o de concurso p\u00fablico para a carreira da Previd\u00eancia Social, uma vez que a falta de quadro funcional no \u00f3rg\u00e3o est\u00e1 provocando o represamento de mais de 1 milh\u00e3o de processos de aposentadorias em todo o Brasil.<\/p>\n\n\n\n<p>Na Bahia, o d\u00e9ficit de pessoal na Bahia chega a 1 mil trabalhadores.<\/p>\n\n\n\n<p>De acordo com o coordenador do Sindicato, Edivaldo Santa Rita, as perdas apontam para a necessidade de um reajuste de 19,9%. <strong><em>\u201cA nossa pauta de reivindica\u00e7\u00f5es foi entregue ao governo h\u00e1 dois meses e vai muito al\u00e9m do aumento salarial; Queremos a contrata\u00e7\u00e3o de servidores e condi\u00e7\u00f5es de trabalho dignas, pois h\u00e1 ag\u00eancias do INSS sem \u00e1gua e climatiza\u00e7\u00e3o. Vamos decretar greve por tempo indeterminado\u201d<\/em><\/strong>, disse.<\/p>\n\n\n\n<p>O diretor da entidade, Valdemir Medeiros, afirmou que os servidores p\u00fablicos est\u00e3o enfrentando um massacre do Governo Bolsonaro. <strong><em>\u201c\u00c9 necess\u00e1rio que o governo abra concurso p\u00fablico, pois o segurado chega a esperar dois anos por uma an\u00e1lise de benef\u00edcios e muitos morrem aguardando. Precisamos repor o quadro de servidores para n\u00e3o penalizar ainda mais a popula\u00e7\u00e3o\u201d,<\/em><\/strong> contou.<\/p>\n\n\n\n<p><em>Fonte: Sociedade On line<\/em><\/p>\n","protected":false},"excerpt":{"rendered":"<p>Os servidores do INSS na Bahia decidiram, nesta sexta-feira (25), ap\u00f3s assembleia h\u00edbrida, que entrar\u00e3o em greve por tempo indeterminado. A medida j\u00e1 vale para a pr\u00f3xima segunda-feira (28), com a suspens\u00e3o dos atendimentos em todas as sete ger\u00eancias e 140 postos de atendimento no Estado.<\/p>\n","protected":false},"author":2,"featured_media":18730,"comment_status":"open","ping_status":"open","sticky":false,"template":"","format":"standard","meta":{"om_disable_all_campaigns":false,"_monsterinsights_skip_tracking":false,"_monsterinsights_sitenote_active":false,"_monsterinsights_sitenote_note":"","_monsterinsights_sitenote_category":0,"footnotes":""},"categories":[33,70,69],"tags":[54,349,1963],"class_list":["post-41797","post","type-post","status-publish","format-standard","has-post-thumbnail","hentry","category-bahia","category-destaques","category-noticias2","tag-bahia","tag-greve","tag-inss"],"aioseo_notices":[],"_links":{"self":[{"href":"https:\/\/www.portalalerta.com.br\/index.php\/wp-json\/wp\/v2\/posts\/41797","targetHints":{"allow":["GET"]}}],"collection":[{"href":"https:\/\/www.portalalerta.com.br\/index.php\/wp-json\/wp\/v2\/posts"}],"about":[{"href":"https:\/\/www.portalalerta.com.br\/index.php\/wp-json\/wp\/v2\/types\/post"}],"author":[{"embeddable":true,"href":"https:\/\/www.portalalerta.com.br\/index.php\/wp-json\/wp\/v2\/users\/2"}],"replies":[{"embeddable":true,"href":"https:\/\/www.portalalerta.com.br\/index.php\/wp-json\/wp\/v2\/comments?post=41797"}],"version-history":[{"count":1,"href":"https:\/\/www.portalalerta.com.br\/index.php\/wp-json\/wp\/v2\/posts\/41797\/revisions"}],"predecessor-version":[{"id":41798,"href":"https:\/\/www.portalalerta.com.br\/index.php\/wp-json\/wp\/v2\/posts\/41797\/revisions\/41798"}],"wp:featuredmedia":[{"embeddable":true,"href":"https:\/\/www.portalalerta.com.br\/index.php\/wp-json\/wp\/v2\/media\/18730"}],"wp:attachment":[{"href":"https:\/\/www.portalalerta.com.br\/index.php\/wp-json\/wp\/v2\/media?parent=41797"}],"wp:term":[{"taxonomy":"category","embeddable":true,"href":"https:\/\/www.portalalerta.com.br\/index.php\/wp-json\/wp\/v2\/categories?post=41797"},{"taxonomy":"post_tag","embeddable":true,"href":"https:\/\/www.portalalerta.com.br\/index.php\/wp-json\/wp\/v2\/tags?post=41797"}],"curies":[{"name":"wp","href":"https:\/\/api.w.org\/{rel}","templated":true}]}}