{"id":41799,"date":"2022-03-28T07:02:00","date_gmt":"2022-03-28T10:02:00","guid":{"rendered":"https:\/\/www.portalalerta.com.br\/?p=41799"},"modified":"2022-03-28T08:46:28","modified_gmt":"2022-03-28T11:46:28","slug":"bolsonaro-diz-que-eleicoes-serao-disputa-do-bem-contra-o-mal","status":"publish","type":"post","link":"https:\/\/www.portalalerta.com.br\/index.php\/2022\/03\/28\/bolsonaro-diz-que-eleicoes-serao-disputa-do-bem-contra-o-mal\/","title":{"rendered":"Bolsonaro diz que elei\u00e7\u00f5es ser\u00e3o disputa do &#8220;bem contra o mal&#8221;"},"content":{"rendered":"\n<p>O presidente&nbsp;Jair Bolsonaro&nbsp;(PL) discursou na manh\u00e3 deste domingo (27), no ato de lan\u00e7amento de sua campanha, chamado pela sigla de <strong><em>&#8220;Movimento Filia Brasil&#8221;<\/em><\/strong> para disfar\u00e7ar o cunho eleitoral n\u00e3o autorizado pelo TSE (Tribunal Superior Eleitoral).<\/p>\n\n\n\n<!--more-->\n\n\n\n<p>Bolsonaro insistiu em evocar um &#8220;inimigo&#8221; a combater, narrativa que o levou \u00e0 vit\u00f3ria em 2018: <strong><em>&#8220;O nosso inimigo n\u00e3o \u00e9 externo, \u00e9 interno. N\u00e3o \u00e9 luta da esquerda contra a direita. \u00c9 luta do bem contra o mal&#8221;<\/em><\/strong>.<\/p>\n\n\n\n<p>Segundo o site Poder 360, o lan\u00e7amento da campanha de Bolsonaro \u00e0 reelei\u00e7\u00e3o foi descaracterizado <strong><em>&#8220;por recomenda\u00e7\u00e3o jur\u00eddica&#8221;<\/em><\/strong>.<\/p>\n\n\n\n<p>Apesar da <strong><em>&#8220;maquiagem&#8221;,<\/em><\/strong> Bolsonaro escancarou que o ato era de sua candidatura. <strong><em>&#8220;\u00c9 o lan\u00e7amento da pr\u00e9-candidatura. N\u00e3o come\u00e7a a campanha ainda, t\u00e1, campanha \u00e9 45 dias antes. Mas \u00e9 [para] mostrar que eu sou candidato \u00e0 reelei\u00e7\u00e3o&#8221;<\/em><\/strong>, disse no s\u00e1bado ao Poder 360.<\/p>\n\n\n\n<div class=\"wp-block-image\"><figure class=\"aligncenter size-full\"><img fetchpriority=\"high\" decoding=\"async\" width=\"720\" height=\"181\" src=\"https:\/\/www.portalalerta.com.br\/wp-content\/uploads\/2018\/02\/Auto-Escola-Nobre.jpg\" alt=\"\" class=\"wp-image-4869\" srcset=\"https:\/\/www.portalalerta.com.br\/wp-content\/uploads\/2018\/02\/Auto-Escola-Nobre.jpg 720w, https:\/\/www.portalalerta.com.br\/wp-content\/uploads\/2018\/02\/Auto-Escola-Nobre-260x65.jpg 260w, https:\/\/www.portalalerta.com.br\/wp-content\/uploads\/2018\/02\/Auto-Escola-Nobre-50x13.jpg 50w, https:\/\/www.portalalerta.com.br\/wp-content\/uploads\/2018\/02\/Auto-Escola-Nobre-150x38.jpg 150w\" sizes=\"(max-width: 720px) 100vw, 720px\" \/><\/figure><\/div>\n\n\n\n<p>Durante o ato, Bolsonaro exaltou mais uma vez o torturador Carlos Alberto Brilhante Ustra, a quem dedicou o impeachment de Dilma Rousseff, torturada pela ditadura militar, em abril de 2016.<\/p>\n\n\n\n<p><strong><em>&#8220;Eu n\u00e3o podia deixar um velho amigo que lutou por democracia e teve a reputa\u00e7\u00e3o quase destru\u00edda sem ser citado naquele momento. A hist\u00f3ria n\u00e3o se pode mudar. A hist\u00f3ria \u00e9 uma s\u00f3. E ela foi ben\u00e9fica conosco. E aquela pessoa eu tinha por dever de consci\u00eancia apresentar&#8221;<\/em><\/strong>, declarou.<\/p>\n\n\n\n<p>No \u00faltimo s\u00e1bado (26),&nbsp;o TSE estipulou multa de R$ 50 mil para a organiza\u00e7\u00e3o do Lollapalooza se houver manifesta\u00e7\u00f5es pol\u00edticas. O \u00f3rg\u00e3o entendeu que Pabllo Vittar fez campanha eleitoral antecipada para o ex-presidente Luiz In\u00e1cio Lula da Silva (PT) durante show na \u00faltima sexta-feira (25).<\/p>\n\n\n\n<p>No Lollapalooza, Pabllo Vittar encerrou sua apresenta\u00e7\u00e3o gritando &#8220;Fora, Bolsonaro&#8221; e correu para a plateia, tomando de um f\u00e3 uma toalha com o rosto de Lula. Marina, nascida no Pa\u00eds de Gales, gritou <strong><em>&#8220;Fuck you, Bolsonaro&#8221; (V\u00e1 se f&#8230;, Bolsonaro&#8221;)<\/em><\/strong>. Emicida e outros artistas tamb\u00e9m protestaram contra o presidente.<\/p>\n\n\n\n<p>A decis\u00e3o do ministro Raul Ara\u00fajo que classificou como propaganda eleitoral os atos das cantoras Pabllo Vittar e Marina foi tomada no \u00faltimo s\u00e1bado e acata parcialmente um pedido da campanha do presidente. Cabe recurso.<\/p>\n\n\n\n<p><strong><em>&#8220;Defiro parcialmente o pedido de tutela antecipada formulada na exordial da representa\u00e7\u00e3o, no sentido de prestigiar a proibi\u00e7\u00e3o legal, vedando a realiza\u00e7\u00e3o ou manifesta\u00e7\u00e3o de propaganda eleitoral ostensiva e extempor\u00e2nea em favor de qualquer candidato ou partido pol\u00edtico por parte dos m\u00fasicos e grupos musicas que se apresentem no festival, sob pena de multa de R$ 50.000,00 (cinquenta mil reais) por ato de descumprimento, a ser suportada pelos representados, at\u00e9 ulterior delibera\u00e7\u00e3o desta Corte&#8221;,<\/em><\/strong> diz a decis\u00e3o.<\/p>\n\n\n\n<p><em>Fonte: Yahoo Not\u00edcias<\/em><\/p>\n","protected":false},"excerpt":{"rendered":"<p>O presidente&nbsp;Jair Bolsonaro&nbsp;(PL) discursou na manh\u00e3 deste domingo (27), no ato de lan\u00e7amento de sua campanha, chamado pela sigla de &#8220;Movimento Filia Brasil&#8221; para disfar\u00e7ar o cunho eleitoral n\u00e3o autorizado pelo TSE (Tribunal Superior Eleitoral).<\/p>\n","protected":false},"author":2,"featured_media":41800,"comment_status":"open","ping_status":"open","sticky":false,"template":"","format":"standard","meta":{"om_disable_all_campaigns":false,"_monsterinsights_skip_tracking":false,"_monsterinsights_sitenote_active":false,"_monsterinsights_sitenote_note":"","_monsterinsights_sitenote_category":0,"footnotes":""},"categories":[34,70,69,21],"tags":[93,3181,5332,1395],"class_list":["post-41799","post","type-post","status-publish","format-standard","has-post-thumbnail","hentry","category-brasil","category-destaques","category-noticias2","category-politica","tag-brasil","tag-eleicoes-2022","tag-filia-brasil","tag-jair-bolsonaro"],"aioseo_notices":[],"_links":{"self":[{"href":"https:\/\/www.portalalerta.com.br\/index.php\/wp-json\/wp\/v2\/posts\/41799","targetHints":{"allow":["GET"]}}],"collection":[{"href":"https:\/\/www.portalalerta.com.br\/index.php\/wp-json\/wp\/v2\/posts"}],"about":[{"href":"https:\/\/www.portalalerta.com.br\/index.php\/wp-json\/wp\/v2\/types\/post"}],"author":[{"embeddable":true,"href":"https:\/\/www.portalalerta.com.br\/index.php\/wp-json\/wp\/v2\/users\/2"}],"replies":[{"embeddable":true,"href":"https:\/\/www.portalalerta.com.br\/index.php\/wp-json\/wp\/v2\/comments?post=41799"}],"version-history":[{"count":2,"href":"https:\/\/www.portalalerta.com.br\/index.php\/wp-json\/wp\/v2\/posts\/41799\/revisions"}],"predecessor-version":[{"id":41821,"href":"https:\/\/www.portalalerta.com.br\/index.php\/wp-json\/wp\/v2\/posts\/41799\/revisions\/41821"}],"wp:featuredmedia":[{"embeddable":true,"href":"https:\/\/www.portalalerta.com.br\/index.php\/wp-json\/wp\/v2\/media\/41800"}],"wp:attachment":[{"href":"https:\/\/www.portalalerta.com.br\/index.php\/wp-json\/wp\/v2\/media?parent=41799"}],"wp:term":[{"taxonomy":"category","embeddable":true,"href":"https:\/\/www.portalalerta.com.br\/index.php\/wp-json\/wp\/v2\/categories?post=41799"},{"taxonomy":"post_tag","embeddable":true,"href":"https:\/\/www.portalalerta.com.br\/index.php\/wp-json\/wp\/v2\/tags?post=41799"}],"curies":[{"name":"wp","href":"https:\/\/api.w.org\/{rel}","templated":true}]}}