{"id":41804,"date":"2022-03-28T07:03:00","date_gmt":"2022-03-28T10:03:00","guid":{"rendered":"https:\/\/www.portalalerta.com.br\/?p=41804"},"modified":"2022-03-27T21:24:50","modified_gmt":"2022-03-28T00:24:50","slug":"camara-marca-sessao-extraordinaria-para-terca-feira-29-e-sindicato-pede-reuniao-com-vereadores-em-ribeira-do-pombal-ba","status":"publish","type":"post","link":"https:\/\/www.portalalerta.com.br\/index.php\/2022\/03\/28\/camara-marca-sessao-extraordinaria-para-terca-feira-29-e-sindicato-pede-reuniao-com-vereadores-em-ribeira-do-pombal-ba\/","title":{"rendered":"C\u00e2mara marca sess\u00e3o extraordin\u00e1ria para ter\u00e7a-feira (29), e sindicato pede reuni\u00e3o com vereadores, em Ribeira do Pombal-BA"},"content":{"rendered":"\n<p>Ap\u00f3s o adiamento da vota\u00e7\u00e3o do Projeto de Lei Complementar 002\/2022, previsto para acontecer na <strong><a href=\"https:\/\/www.portalalerta.com.br\/index.php\/2022\/03\/25\/votacao-de-reajuste-salarial-de-professores-de-ribeira-do-pombal-ba-e-adiada\/\">\u00faltima quinta-feira (24),<\/a><\/strong> com an\u00fancio da sess\u00e3o extraordin\u00e1ria para a pr\u00f3xima ter\u00e7a-feira (29), os vereadores ter\u00e3o um dia bastante movimentado.<\/p>\n\n\n\n<!--more-->\n\n\n\n<div class=\"wp-block-image\"><figure class=\"alignleft size-large is-resized\"><img fetchpriority=\"high\" decoding=\"async\" src=\"https:\/\/www.portalalerta.com.br\/wp-content\/uploads\/2022\/03\/Real-Calcados-Estilo-e-Moda-para-Voce-1024x459.jpeg\" alt=\"\" class=\"wp-image-41407\" width=\"407\" height=\"182\"\/><\/figure><\/div>\n\n\n\n<p>Ainda na \u00faltima sexta-feira (25), o presidente do SINPROERP (Sindicato dos Profissionais de Educa\u00e7\u00e3o da Rede de Ensino do Munic\u00edpio de Ribeira do Pombal), protocolou um of\u00edcio na referida Casa Legislativa, solicitando uma reuni\u00e3o entre a classe os edis.<\/p>\n\n\n\n<p>Desta forma, ficou certo que tal reuni\u00e3o ir\u00e1 acontecer \u00e0s 08hs da ter\u00e7a-feira. Na sequ\u00eancia, acontecer\u00e3o as reuni\u00f5es das comiss\u00f5es, principal motivo do Projeto n\u00e3o ter sido votado na data prevista, e por fim, \u00e0s 10:30hs ser\u00e1 iniciada a sess\u00e3o extraordin\u00e1ria para enfim acontecer a vota\u00e7\u00e3o. <strong><a href=\"https:\/\/www.portalalerta.com.br\/index.php\/2022\/03\/18\/prefeitura-de-ribeira-do-pombal-ba-concede-20-de-aumento-e-salario-dos-professores-pode-chegar-a-r-9-mil\/\">O Projeto 002\/2022<\/a><\/strong>, prev\u00ea um reajuste salarial de 20% para os professores, coordenadores pedag\u00f3gicos, e supervisores.<\/p>\n\n\n\n<p><em>Reda\u00e7\u00e3o: Portal Alerta<\/em><\/p>\n","protected":false},"excerpt":{"rendered":"<p>Ap\u00f3s o adiamento da vota\u00e7\u00e3o do Projeto de Lei Complementar 002\/2022, previsto para acontecer na \u00faltima quinta-feira (24), com an\u00fancio da sess\u00e3o extraordin\u00e1ria para a pr\u00f3xima ter\u00e7a-feira (29), os vereadores ter\u00e3o um dia bastante movimentado.<\/p>\n","protected":false},"author":2,"featured_media":20489,"comment_status":"open","ping_status":"open","sticky":false,"template":"","format":"standard","meta":{"om_disable_all_campaigns":false,"_monsterinsights_skip_tracking":false,"_monsterinsights_sitenote_active":false,"_monsterinsights_sitenote_note":"","_monsterinsights_sitenote_category":0,"footnotes":""},"categories":[70,20,69,21,32,3],"tags":[211,140,47,715,1511,190,135],"class_list":["post-41804","post","type-post","status-publish","format-standard","has-post-thumbnail","hentry","category-destaques","category-educacao","category-noticias2","category-politica","category-regiao","category-ribeira-do-pombal","tag-camara-de-vereadores","tag-educacao","tag-ribeira-do-pombal","tag-sindicato","tag-sinproerp","tag-tucano","tag-vereadores"],"aioseo_notices":[],"_links":{"self":[{"href":"https:\/\/www.portalalerta.com.br\/index.php\/wp-json\/wp\/v2\/posts\/41804","targetHints":{"allow":["GET"]}}],"collection":[{"href":"https:\/\/www.portalalerta.com.br\/index.php\/wp-json\/wp\/v2\/posts"}],"about":[{"href":"https:\/\/www.portalalerta.com.br\/index.php\/wp-json\/wp\/v2\/types\/post"}],"author":[{"embeddable":true,"href":"https:\/\/www.portalalerta.com.br\/index.php\/wp-json\/wp\/v2\/users\/2"}],"replies":[{"embeddable":true,"href":"https:\/\/www.portalalerta.com.br\/index.php\/wp-json\/wp\/v2\/comments?post=41804"}],"version-history":[{"count":1,"href":"https:\/\/www.portalalerta.com.br\/index.php\/wp-json\/wp\/v2\/posts\/41804\/revisions"}],"predecessor-version":[{"id":41805,"href":"https:\/\/www.portalalerta.com.br\/index.php\/wp-json\/wp\/v2\/posts\/41804\/revisions\/41805"}],"wp:featuredmedia":[{"embeddable":true,"href":"https:\/\/www.portalalerta.com.br\/index.php\/wp-json\/wp\/v2\/media\/20489"}],"wp:attachment":[{"href":"https:\/\/www.portalalerta.com.br\/index.php\/wp-json\/wp\/v2\/media?parent=41804"}],"wp:term":[{"taxonomy":"category","embeddable":true,"href":"https:\/\/www.portalalerta.com.br\/index.php\/wp-json\/wp\/v2\/categories?post=41804"},{"taxonomy":"post_tag","embeddable":true,"href":"https:\/\/www.portalalerta.com.br\/index.php\/wp-json\/wp\/v2\/tags?post=41804"}],"curies":[{"name":"wp","href":"https:\/\/api.w.org\/{rel}","templated":true}]}}