{"id":41806,"date":"2022-03-28T11:30:00","date_gmt":"2022-03-28T14:30:00","guid":{"rendered":"https:\/\/www.portalalerta.com.br\/?p=41806"},"modified":"2022-03-27T21:36:26","modified_gmt":"2022-03-28T00:36:26","slug":"quatro-de-nove-presidenciaveis-bloqueiam-jornalistas-no-twitter","status":"publish","type":"post","link":"https:\/\/www.portalalerta.com.br\/index.php\/2022\/03\/28\/quatro-de-nove-presidenciaveis-bloqueiam-jornalistas-no-twitter\/","title":{"rendered":"Quatro de nove presidenci\u00e1veis bloqueiam jornalistas no Twitter"},"content":{"rendered":"\n<p>O campe\u00e3o de vetos \u00e9 o presidente Jair Bolsonaro (PL), com 86 bloqueios<\/p>\n\n\n\n<p>Dos nove presidenci\u00e1veis citados na \u00faltima rodada da FSB Pesquisa, publicada na segunda-feira (21), quatro bloquearam ao menos um profissional de imprensa em suas redes sociais. O dado foi divulgado pela Associa\u00e7\u00e3o Brasileira de Jornalismo Investigativo.<\/p>\n\n\n\n<p>Rep\u00f3rteres e especialistas ouvidos pela Associa\u00e7\u00e3o afirmam que os candidatos se tornam personalidades de interesse p\u00fablico assim que passam a ser candidatos, e que o bloqueio veta acesso a conte\u00fados publicados por pol\u00edticos e exclui possibilidade de intera\u00e7\u00e3o com eles.&nbsp;<\/p>\n\n\n\n<p>Neste recorte, o campe\u00e3o de vetos \u00e9 o presidente Jair Bolsonaro (PL), com 86 bloqueios. Segundo colocado nas proje\u00e7\u00f5es para a corrida presidencial, ele tamb\u00e9m impede dez ve\u00edculos de comunica\u00e7\u00e3o de terem acesso ao seu perfil no Twitter. A diretoria da Abraji analisa que os bloqueios feitos pelo chefe de estado, que se comunica com a popula\u00e7\u00e3o via redes sociais, s\u00e3o mais graves do que os dos demais presidenci\u00e1veis, uma vez que Bolsonaro fala em nome da Presid\u00eancia da Rep\u00fablica.<\/p>\n\n\n\n<p>Atr\u00e1s de Bolsonaro no ranking est\u00e1 S\u00e9rgio Moro (PODE), que baniu dois jornalistas. Jo\u00e3o Doria (PSDB) e Andr\u00e9 Janones (PATRI) t\u00eam um bloqueio cada. Doria \u00e9 governador de S\u00e3o Paulo, e Janones \u00e9 deputado federal.&nbsp;<\/p>\n\n\n\n<p>O l\u00edder nas pesquisas, Luiz In\u00e1cio Lula da Silva (PT), Ciro Gomes (PDT), Simone Tebet (MDB), Eduardo Leite (PSDB, mas pode disputar a presid\u00eancia pelo PSD) e Felipe d&#8217;Avila (NOVO) n\u00e3o bloquearam jornalistas na rede social.<\/p>\n\n\n\n<p>Jornalistas relataram \u00e0 Abraji que o bloqueio de Bolsonaro os impede de acompanhar o an\u00fancio de pol\u00edticas governamentais, que o presidente compartilha em seu perfil. Tamb\u00e9m deixa de ser poss\u00edvel acompanhar suas estrat\u00e9gias de comunica\u00e7\u00e3o digital que devem ter impacto nesta corrida presidencial, como a divulga\u00e7\u00e3o quase di\u00e1ria de seu canal no Telegram no Twitter.<\/p>\n\n\n\n<p>Procurado pela Abraji, o TSE declara que n\u00e3o trabalha com a figura do pr\u00e9-candidato. Os postulantes ao Pal\u00e1cio do Planalto ter\u00e3o de registrar suas candidaturas entre 20.jul.2022 e 5.ago.2022, de acordo com o calend\u00e1rio eleitoral para este ano.&nbsp;<\/p>\n\n\n\n<p><em>Fonte: Metro1<\/em><\/p>\n","protected":false},"excerpt":{"rendered":"<p>O campe\u00e3o de vetos \u00e9 o presidente Jair Bolsonaro (PL), com 86 bloqueios Dos nove presidenci\u00e1veis citados na \u00faltima rodada da FSB Pesquisa, publicada na segunda-feira (21), quatro bloquearam ao menos um profissional de imprensa em suas redes sociais. O dado foi divulgado pela Associa\u00e7\u00e3o Brasileira de Jornalismo Investigativo. Rep\u00f3rteres e especialistas ouvidos pela Associa\u00e7\u00e3o &hellip;<\/p>\n","protected":false},"author":2,"featured_media":21416,"comment_status":"open","ping_status":"open","sticky":false,"template":"","format":"standard","meta":{"om_disable_all_campaigns":false,"_monsterinsights_skip_tracking":false,"_monsterinsights_sitenote_active":false,"_monsterinsights_sitenote_note":"","_monsterinsights_sitenote_category":0,"footnotes":""},"categories":[34,70,69,21],"tags":[5334,93,782,1395,1591,199,1152,443],"class_list":["post-41806","post","type-post","status-publish","format-standard","has-post-thumbnail","hentry","category-brasil","category-destaques","category-noticias2","category-politica","tag-andre-janones","tag-brasil","tag-candidatos","tag-jair-bolsonaro","tag-joao-doria","tag-politica","tag-presidente-da-republica","tag-sergio-moro"],"aioseo_notices":[],"_links":{"self":[{"href":"https:\/\/www.portalalerta.com.br\/index.php\/wp-json\/wp\/v2\/posts\/41806","targetHints":{"allow":["GET"]}}],"collection":[{"href":"https:\/\/www.portalalerta.com.br\/index.php\/wp-json\/wp\/v2\/posts"}],"about":[{"href":"https:\/\/www.portalalerta.com.br\/index.php\/wp-json\/wp\/v2\/types\/post"}],"author":[{"embeddable":true,"href":"https:\/\/www.portalalerta.com.br\/index.php\/wp-json\/wp\/v2\/users\/2"}],"replies":[{"embeddable":true,"href":"https:\/\/www.portalalerta.com.br\/index.php\/wp-json\/wp\/v2\/comments?post=41806"}],"version-history":[{"count":1,"href":"https:\/\/www.portalalerta.com.br\/index.php\/wp-json\/wp\/v2\/posts\/41806\/revisions"}],"predecessor-version":[{"id":41807,"href":"https:\/\/www.portalalerta.com.br\/index.php\/wp-json\/wp\/v2\/posts\/41806\/revisions\/41807"}],"wp:featuredmedia":[{"embeddable":true,"href":"https:\/\/www.portalalerta.com.br\/index.php\/wp-json\/wp\/v2\/media\/21416"}],"wp:attachment":[{"href":"https:\/\/www.portalalerta.com.br\/index.php\/wp-json\/wp\/v2\/media?parent=41806"}],"wp:term":[{"taxonomy":"category","embeddable":true,"href":"https:\/\/www.portalalerta.com.br\/index.php\/wp-json\/wp\/v2\/categories?post=41806"},{"taxonomy":"post_tag","embeddable":true,"href":"https:\/\/www.portalalerta.com.br\/index.php\/wp-json\/wp\/v2\/tags?post=41806"}],"curies":[{"name":"wp","href":"https:\/\/api.w.org\/{rel}","templated":true}]}}