{"id":41808,"date":"2022-03-28T11:31:00","date_gmt":"2022-03-28T14:31:00","guid":{"rendered":"https:\/\/www.portalalerta.com.br\/?p=41808"},"modified":"2022-03-27T21:49:38","modified_gmt":"2022-03-28T00:49:38","slug":"stf-determina-que-daniel-silveira-coloque-tornozeleira-e-o-proibe-de-participar-de-evento-publico-sob-risco-de-prisao","status":"publish","type":"post","link":"https:\/\/www.portalalerta.com.br\/index.php\/2022\/03\/28\/stf-determina-que-daniel-silveira-coloque-tornozeleira-e-o-proibe-de-participar-de-evento-publico-sob-risco-de-prisao\/","title":{"rendered":"STF determina que Daniel Silveira coloque tornozeleira e o pro\u00edbe de participar de evento p\u00fablico, sob risco de pris\u00e3o"},"content":{"rendered":"\n<p><strong>Ministro Alexandre de Moraes atendeu a pedido da PGR. Para a Procuradoria, Silveira continuou atuando contra a democracia ap\u00f3s ter sido solto em novembro.<\/strong><\/p>\n\n\n\n<!--more-->\n\n\n\n<p>O ministro\u00a0Alexandre de Moraes, do Supremo Tribunal Federal (STF), determinou na \u00faltima sexta-feira (25) que o deputado\u00a0Daniel Silveira\u00a0(PSL-RJ)\u00a0<strong>use tornozeleira eletr\u00f4nica,<\/strong>\u00a0ap\u00f3s ele ter participado de atos pol\u00edticos.<\/p>\n\n\n\n<p>Moraes&nbsp;tamb\u00e9m proibiu que Silveira participe de <strong><em>\u201cqualquer evento p\u00fablico<\/em><\/strong><strong><em>&nbsp;em todo o territ\u00f3rio nacional\u201d<\/em><\/strong>. E alertou: <strong><em>\u201cA reitera\u00e7\u00e3o do descumprimento injustificado acarretar\u00e1, natural e imediatamente,&nbsp;o restabelecimento da ordem de pris\u00e3o.\u201d<\/em><\/strong><\/p>\n\n\n\n<div class=\"wp-block-image\"><figure class=\"alignleft size-full is-resized\"><img fetchpriority=\"high\" decoding=\"async\" src=\"https:\/\/www.portalalerta.com.br\/wp-content\/uploads\/2021\/04\/ELAB.jpg\" alt=\"\" class=\"wp-image-34795\" width=\"321\" height=\"256\" srcset=\"https:\/\/www.portalalerta.com.br\/wp-content\/uploads\/2021\/04\/ELAB.jpg 1000w, https:\/\/www.portalalerta.com.br\/wp-content\/uploads\/2021\/04\/ELAB-300x240.jpg 300w, https:\/\/www.portalalerta.com.br\/wp-content\/uploads\/2021\/04\/ELAB-768x614.jpg 768w, https:\/\/www.portalalerta.com.br\/wp-content\/uploads\/2021\/04\/ELAB-183x146.jpg 183w, https:\/\/www.portalalerta.com.br\/wp-content\/uploads\/2021\/04\/ELAB-50x40.jpg 50w, https:\/\/www.portalalerta.com.br\/wp-content\/uploads\/2021\/04\/ELAB-94x75.jpg 94w\" sizes=\"(max-width: 321px) 100vw, 321px\" \/><\/figure><\/div>\n\n\n\n<p>O ministro tamb\u00e9m determinou que o deputado n\u00e3o saia de Petr\u00f3polis (RJ), onde mora, a n\u00e3o ser para ir a Bras\u00edlia.<\/p>\n\n\n\n<p>At\u00e9 a \u00faltima atualiza\u00e7\u00e3o desta reportagem, a defesa do deputado ainda n\u00e3o tinha se manifestado.<\/p>\n\n\n\n<p><strong>PGR defendeu medidas cautelares<\/strong><\/p>\n\n\n\n<p>A Procuradoria-Geral da Rep\u00fablica\u00a0tinha defendido que o Supremo voltasse a adotar medidas cautelares contra o deputado, incluindo a retomada do monitoramento e a proibi\u00e7\u00e3o de participar de qualquer evento p\u00fablico no pa\u00eds.<\/p>\n\n\n\n<p>No documento ao STF, a subprocuradora-geral da Rep\u00fablica,&nbsp;<strong>Lind\u00f4ra Ara\u00fajo<\/strong>, diz que Silveira segue reiterando o &#8220;comportamento delitivo contra o Estado Democr\u00e1tico de Direito, amea\u00e7ando e proferindo in\u00fameras ofensas&#8221; contra o Supremo e os ministros.<\/p>\n\n\n\n<p>Daniel Silveira\u00a0foi detido em fevereiro de 2021\u00a0ap\u00f3s divulgar um v\u00eddeo com amea\u00e7as aos magistrados. Em novembro, o ministro relator\u00a0Alexandre de Moraes\u00a0autorizou a soltura, mas fixou medidas cautelares. A lista inclu\u00eda proibi\u00e7\u00e3o de contato com outros investigados e de acesso \u00e0s redes sociais.<\/p>\n\n\n\n<p>Apesar disso, desde ent\u00e3o, o parlamentar voltou a participar de eventos \u2013 e a atacar ministros do Supremo Tribunal Federal em declara\u00e7\u00f5es.<\/p>\n\n\n\n<p>Segundo a PGR, Silveira tem aproveitado eventos p\u00fablicos, com ampla divulga\u00e7\u00e3o em redes sociais, para <strong><em>\u201cofender a honra e amea\u00e7ar gravemente\u201d<\/em><\/strong> o ministro\u00a0Alexandre de Moraes.<\/p>\n\n\n\n<p><strong><em>\u201cSomam-se, ainda, as incita\u00e7\u00f5es p\u00fablicas para desafio ao sistema e alega\u00e7\u00e3o de que os membros do STF est\u00e3o cruzando a linha do limite e que apenas o chefe do Poder Executivo pode deter isso\u201d<\/em><\/strong>, escreveu Lind\u00f4ra Ara\u00fajo.<\/p>\n\n\n\n<p>Para a procuradora, Silveira age com grave amea\u00e7a e tenta abolir a democracia, incitando a popula\u00e7\u00e3o e atacando o exerc\u00edcio do Judici\u00e1rio.<\/p>\n\n\n\n<p><strong><em>&#8220;Impende destacar que as novas falas do parlamentar, assim como as anteriores manifesta\u00e7\u00f5es j\u00e1 denunciadas, direcionam-se contra o regime democr\u00e1tico, as institui\u00e7\u00f5es republicanas e a separa\u00e7\u00e3o de Poderes&#8221;,<\/em><\/strong> diz Lind\u00f4ra.<\/p>\n\n\n\n<p>A PGR afirma que os discursos proferidos pelo parlamentar ultrapassam o exerc\u00edcio do direito de cr\u00edtica aos poderes constitucionais.<\/p>\n\n\n\n<p><strong><em>\u201cO deputado federal tem se valido da ampla divulga\u00e7\u00e3o dos eventos, que ficam registrados em meios digitais para a reitera\u00e7\u00e3o de graves delitos contra o Estado Democr\u00e1tico de Direito, tendo como alvo principal o Supremo Tribunal Federal e seus membros, inclusive aproveitando a oportunidade para incitar a popula\u00e7\u00e3o brasileira a praticar delitos de mesma esp\u00e9cie\u201d<\/em><\/strong>.<\/p>\n\n\n\n<p>A Procuradoria sustenta que os fatos s\u00e3o graves e se revestem de amea\u00e7a contra ministros do STF, expondo-os a concretos riscos, considerando a irresponsabilidade dos reiterados discursos de \u00f3dio do agente pol\u00edtico.<\/p>\n\n\n\n<p>A PGR pediu ainda que Silveira seja proibido de deixar o Rio de Janeiro, podendo se deslocar a Bras\u00edlia para exercer o mandato.<\/p>\n\n\n\n<p>Silveira \u00e9 r\u00e9u no Supremo por atos antidemocr\u00e1ticos diante da divulga\u00e7\u00e3o de v\u00eddeos com ataques a ministros da Corte e \u00e0s institui\u00e7\u00f5es do pa\u00eds. O Supremo pode decidir em maio se condena ou absolve o deputado.<\/p>\n\n\n\n<p><strong>Silveira j\u00e1 usou tornozeleira<\/strong><\/p>\n\n\n\n<p>Em 2021, o deputado Daniel Silveira teve a pris\u00e3o domiciliar anulada ap\u00f3s uma s\u00e9rie de falhas no sinal do equipamento.<\/p>\n\n\n\n<p>O parlamentar apresentou v\u00e1rias justificativas para os problemas com a tornozeleira. Sua defesa listou fatos como o uso de um anti-inflamat\u00f3rio que provocava sono e o impedia de carregar o aparelho at\u00e9 a a\u00e7\u00e3o\u00a0de um cachorro que roeu o equipamento.<\/p>\n\n\n\n<p>Ele ainda disse que as frequentes interrup\u00e7\u00f5es do fornecimento de energia em Petr\u00f3polis, na regi\u00e3o serrana do Rio de Janeiro, onde mora, interferiram no funcionamento do aparelho.<\/p>\n\n\n\n<p>Ao todo foram 22 vezes que a tornozeleira n\u00e3o foi carregada na ocasi\u00e3o. Segundo o deputado, a maioria delas pelo uso do medicamento que provocava &#8220;muito sono&#8221;.<\/p>\n\n\n\n<p>Ele tamb\u00e9m disse que esqueceu de carregar por participar de sess\u00f5es virtuais da C\u00e2mara dos Deputados. Mas a\u00ed, segundo ele, n\u00e3o carregou por distra\u00e7\u00e3o e n\u00e3o de forma intencional.<\/p>\n\n\n\n<p>Os treinamentos de muay thai, diariamente, tamb\u00e9m foram citados como motivos que podem ter danificado o interior do equipamento.<\/p>\n\n\n\n<p><em>Fonte: G1<\/em><\/p>\n","protected":false},"excerpt":{"rendered":"<p>Ministro Alexandre de Moraes atendeu a pedido da PGR. Para a Procuradoria, Silveira continuou atuando contra a democracia ap\u00f3s ter sido solto em novembro.<\/p>\n","protected":false},"author":2,"featured_media":33086,"comment_status":"open","ping_status":"open","sticky":false,"template":"","format":"standard","meta":{"om_disable_all_campaigns":false,"_monsterinsights_skip_tracking":false,"_monsterinsights_sitenote_active":false,"_monsterinsights_sitenote_note":"","_monsterinsights_sitenote_category":0,"footnotes":""},"categories":[34,70,69,21],"tags":[93,4253,215,216,2091],"class_list":["post-41808","post","type-post","status-publish","format-standard","has-post-thumbnail","hentry","category-brasil","category-destaques","category-noticias2","category-politica","tag-brasil","tag-daniel-silveira","tag-deputado-federal","tag-stf","tag-tornozeleira-eletronica"],"aioseo_notices":[],"_links":{"self":[{"href":"https:\/\/www.portalalerta.com.br\/index.php\/wp-json\/wp\/v2\/posts\/41808","targetHints":{"allow":["GET"]}}],"collection":[{"href":"https:\/\/www.portalalerta.com.br\/index.php\/wp-json\/wp\/v2\/posts"}],"about":[{"href":"https:\/\/www.portalalerta.com.br\/index.php\/wp-json\/wp\/v2\/types\/post"}],"author":[{"embeddable":true,"href":"https:\/\/www.portalalerta.com.br\/index.php\/wp-json\/wp\/v2\/users\/2"}],"replies":[{"embeddable":true,"href":"https:\/\/www.portalalerta.com.br\/index.php\/wp-json\/wp\/v2\/comments?post=41808"}],"version-history":[{"count":1,"href":"https:\/\/www.portalalerta.com.br\/index.php\/wp-json\/wp\/v2\/posts\/41808\/revisions"}],"predecessor-version":[{"id":41809,"href":"https:\/\/www.portalalerta.com.br\/index.php\/wp-json\/wp\/v2\/posts\/41808\/revisions\/41809"}],"wp:featuredmedia":[{"embeddable":true,"href":"https:\/\/www.portalalerta.com.br\/index.php\/wp-json\/wp\/v2\/media\/33086"}],"wp:attachment":[{"href":"https:\/\/www.portalalerta.com.br\/index.php\/wp-json\/wp\/v2\/media?parent=41808"}],"wp:term":[{"taxonomy":"category","embeddable":true,"href":"https:\/\/www.portalalerta.com.br\/index.php\/wp-json\/wp\/v2\/categories?post=41808"},{"taxonomy":"post_tag","embeddable":true,"href":"https:\/\/www.portalalerta.com.br\/index.php\/wp-json\/wp\/v2\/tags?post=41808"}],"curies":[{"name":"wp","href":"https:\/\/api.w.org\/{rel}","templated":true}]}}