{"id":41810,"date":"2022-03-28T11:32:00","date_gmt":"2022-03-28T14:32:00","guid":{"rendered":"https:\/\/www.portalalerta.com.br\/?p=41810"},"modified":"2022-03-27T22:05:36","modified_gmt":"2022-03-28T01:05:36","slug":"famosos-protestam-contra-veto-a-manifestacoes-politicas-no-lollapalooza-censura","status":"publish","type":"post","link":"https:\/\/www.portalalerta.com.br\/index.php\/2022\/03\/28\/famosos-protestam-contra-veto-a-manifestacoes-politicas-no-lollapalooza-censura\/","title":{"rendered":"Famosos protestam contra veto a manifesta\u00e7\u00f5es pol\u00edticas no Lollapalooza: &#8220;Censura&#8221;"},"content":{"rendered":"\n<p>Famosos usaram as redes sociais para protestar <strong><a href=\"https:\/\/www.portalalerta.com.br\/index.php\/2022\/03\/27\/tse-acata-pedido-de-bolsonaro-e-proibe-atos-politicos-no-lollapalooza\/\">contra\u00a0a proibi\u00e7\u00e3o de manifesta\u00e7\u00f5es pol\u00edticas no Lollapalooza Brasil<\/a><\/strong>, que aconteceu neste final de semana, em S\u00e3o Paulo. A decis\u00e3o foi tomada pelo TSE (Tribunal Superior Eleitoral), que acatou o pedido do presidente Jair Bolsonaro (PL), alvo de diversos protestos durante o festival.<\/p>\n\n\n\n<!--more-->\n\n\n\n<p>O ator Paulo Betti compartilhou uma ilustra\u00e7\u00e3o de Luiz In\u00e1cio Lula da Silva (PT) com os dizeres &#8220;Lulapalooza 2022&#8221;,\u00a0um trocadilho feito pelo rapper Emicida durante o seu show, na noite do s\u00e1bado (26), juntando o nome do ex-presidente ao do festival: <strong><em>&#8220;Vamos tirar o t\u00edtulo de eleitor e tirar o encosto?&#8221;<\/em><\/strong>, legendou, juntando-se \u00e0 campanha para incentivar jovens a votar,\u00a0assim como fez J\u00e3o durante a sua apresenta\u00e7\u00e3o no Lollapalooza.<\/p>\n\n\n\n<p>A cantora Teresa Cristina tamb\u00e9m ficou indignada com o caso: <strong><em>&#8220;Como assim n\u00e3o pode manifesta\u00e7\u00e3o pol\u00edtica em um festival privado?&#8221;<\/em><\/strong>, questionou no Instagram. Em menos de uma hora, a publica\u00e7\u00e3o j\u00e1 havia recebido mais de quinze mil curtidas, incluindo a do ator Luis Miranda, e coment\u00e1rios desejando a elei\u00e7\u00e3o de Lula como presidente e a sa\u00edda de Bolsonaro do Pal\u00e1cio do Planalto:<\/p>\n\n\n\n<div class=\"wp-block-image\"><figure class=\"aligncenter size-full\"><img fetchpriority=\"high\" decoding=\"async\" width=\"720\" height=\"181\" src=\"https:\/\/www.portalalerta.com.br\/wp-content\/uploads\/2018\/02\/Auto-Escola-Nobre.jpg\" alt=\"\" class=\"wp-image-4869\" srcset=\"https:\/\/www.portalalerta.com.br\/wp-content\/uploads\/2018\/02\/Auto-Escola-Nobre.jpg 720w, https:\/\/www.portalalerta.com.br\/wp-content\/uploads\/2018\/02\/Auto-Escola-Nobre-260x65.jpg 260w, https:\/\/www.portalalerta.com.br\/wp-content\/uploads\/2018\/02\/Auto-Escola-Nobre-50x13.jpg 50w, https:\/\/www.portalalerta.com.br\/wp-content\/uploads\/2018\/02\/Auto-Escola-Nobre-150x38.jpg 150w\" sizes=\"(max-width: 720px) 100vw, 720px\" \/><\/figure><\/div>\n\n\n\n<p><strong><em>&#8220;Como \u00e9 que \u00e9? Artistas n\u00e3o podem se manifestar no Lollapalooza? A turma das artes tem sofrido com campanhas difamat\u00f3rias, mentiras, falta de pol\u00edticas de suporte durante a pandemia e tem que ficar quieta? Se tem quem saiba o que esse governo representa s\u00e3o os artistas&#8221;<\/em><\/strong>, criticou a jornalista e pol\u00edtica Manuela d&#8217;\u00c1vila, ainda sugerindo que\u00a0Pabllo Vittar\u00a0cante na posse de Lula, caso seja eleito.<\/p>\n\n\n\n<p>A roteirista Antonia Pellegrino, que tamb\u00e9m \u00e9 esposa do deputado federal Marcelo Freixo (PSB), tamb\u00e9m criticou o pedido de Bolsonaro: <strong><em>&#8220;Dilma teve que ouvir um est\u00e1dio lotado de bon vivants a xingando. Na \u00e9poca, disse que cr\u00edticas faziam parte da democracia. J\u00e1 Bolsonaro, o &#8216;mach\u00e3o&#8217;, quer que a pol\u00edcia pare um festival cheio de jovens se gritarem contra ele em apoio a Lula. A diferen\u00e7a entre uma l\u00edder e um verme&#8221;<\/em><\/strong>, escreveu no Twitter.<\/p>\n\n\n\n<p><strong>Entenda o caso<\/strong><\/p>\n\n\n\n<p>O TSE (Tribunal Superior Eleitoral) entendeu que\u00a0Pabllo Vittar\u00a0fez campanha eleitoral antecipada para o ex-presidente\u00a0Luiz In\u00e1cio Lula da Silva\u00a0(PT) durante show no Lollapalooza 2022, na \u00faltima sexta-feira (25), e estipulou multa de R$ 50 mil para a organiza\u00e7\u00e3o do festival se houver outras manifesta\u00e7\u00f5es do tipo. As informa\u00e7\u00f5es s\u00e3o do jornal Folha de S.Paulo.<\/p>\n\n\n\n<p>A decis\u00e3o do ministro Raul Ara\u00fajo que classificou como propaganda eleitoral os atos das cantoras Pabllo Vittar e Marina foi tomada no \u00faltimo s\u00e1bado e acata parcialmente um pedido da campanha do presidente\u00a0<strong>Jair Bolsonaro<\/strong>\u00a0(PL). Os advogados tamb\u00e9m solicitaram condena\u00e7\u00e3o do Lollapalooza por propaganda eleitoral antecipada, o que n\u00e3o ocorreu. Cabe recurso.<\/p>\n\n\n\n<p><strong>Lollapalooza de protestos<\/strong><\/p>\n\n\n\n<p>Um fator que vem marcando as apresenta\u00e7\u00f5es do Lollapalooza s\u00e3o as manifesta\u00e7\u00f5es pol\u00edticas, especialmente contra o presidente Bolsonaro. A drag queen Pabllo Vittar, por exemplo, pediu um <strong><em>\u201cFora, Bolsonaro\u201d<\/em><\/strong> e\u00a0usou uma bandeira com a foto do ex-presidente Lula\u00a0estampada ao finalizar sua apresenta\u00e7\u00e3o.<\/p>\n\n\n\n<p>A brit\u00e2nica\u00a0<strong>Marina<\/strong>, antes conhecida como Marina and The Diamonds, tamb\u00e9m aproveitou a presen\u00e7a no Brasil para\u00a0protestar contra Bolsonaro e Vladimir Putin, presidente da R\u00fassia &#8211; o pa\u00eds est\u00e1 em guerra contra a Ucr\u00e2nia.<\/p>\n\n\n\n<p><strong><em>\u201cA gente n\u00e3o precisa dessa energia e eu fico muito feliz que a minha fan base \u00e9 a nova gera\u00e7\u00e3o e voc\u00eas v\u00e3o mudar o mundo\u201d,<\/em><\/strong> declarou a cantora ap\u00f3s o protesto em plena apresenta\u00e7\u00e3o. O p\u00fablico do Lolla apoiou todos os coros pedindo <strong><em>\u201cfora, Bolsonaro\u201d<\/em><\/strong>.<\/p>\n\n\n\n<p>No segundo dia,\u00a0J\u00e3o\u00a0se juntou a\u00a0Anitta, Juliette, Zeca Pagodinho, Bruna Marquezine\u00a0e at\u00e9\u00a0Mark Ruffalo\u00a0para pedir para intimar os jovens a tirar o t\u00edtulo de eleitor e votar: <strong><em>\u201cQue m\u00fasica linda. Esse \u00e9 o maior hit do festival\u201d<\/em><\/strong>, disparou o cantor, ao ouvir o coro de <strong><em>&#8220;fora Bolsonaro&#8221;<\/em><\/strong>, cantando mais uma vez. <strong><em>\u201cN\u00e3o adianta gritar aqui no show e n\u00e3o votar. Vai votar, porra\u201d<\/em><\/strong>, emendou J\u00e3o, ao relembrar o recorde de jovens que ainda n\u00e3o tiraram t\u00edtulo de eleitor neste ano.<\/p>\n\n\n\n<p>Emicida, no in\u00edcio do seu show, cumprimentou o p\u00fablico do evento fazendo refer\u00eancia ao ex-presidente Lula: <strong><em>\u201cBoa noite, Lulapalooza\u201d<\/em><\/strong>, desejou. Em seguida, ele fez uma manifesta\u00e7\u00e3o e incitou jovens de 16 a 18 anos a tirarem seus t\u00edtulos de eleitor. <strong><em>\u201cPor \u00faltimo: Bolsonaro, vai tomar no c*\u201d<\/em><\/strong>, disparou Emicida, acompanhado por gritos animados do p\u00fablico.<\/p>\n\n\n\n<p>Embora\u00a0A$AP Rocky\u00a0n\u00e3o tenha engajado na manifesta\u00e7\u00e3o, protestos tamb\u00e9m ocorreram durante o seu show no festival: <strong><em>&#8220;Ei, Bolsonaro, vai tomar no c*&#8221;<\/em><\/strong>, gritou a plateia mais uma vez, em coro. <strong><em>&#8220;Quero todo mundo se sentindo bem hoje&#8221;<\/em><\/strong>, respondeu o rapper, que pareceu n\u00e3o ter entendido os apelos.<\/p>\n\n\n\n<p><em>Fonte: Yahoo Not\u00edcias<\/em><\/p>\n","protected":false},"excerpt":{"rendered":"<p>Famosos usaram as redes sociais para protestar contra\u00a0a proibi\u00e7\u00e3o de manifesta\u00e7\u00f5es pol\u00edticas no Lollapalooza Brasil, que aconteceu neste final de semana, em S\u00e3o Paulo. A decis\u00e3o foi tomada pelo TSE (Tribunal Superior Eleitoral), que acatou o pedido do presidente Jair Bolsonaro (PL), alvo de diversos protestos durante o festival.<\/p>\n","protected":false},"author":2,"featured_media":41788,"comment_status":"open","ping_status":"open","sticky":false,"template":"","format":"standard","meta":{"om_disable_all_campaigns":false,"_monsterinsights_skip_tracking":false,"_monsterinsights_sitenote_active":false,"_monsterinsights_sitenote_note":"","_monsterinsights_sitenote_category":0,"footnotes":""},"categories":[34,70,36,69,21],"tags":[93,3181,5328,475,199],"class_list":["post-41810","post","type-post","status-publish","format-standard","has-post-thumbnail","hentry","category-brasil","category-destaques","category-lazer","category-noticias2","category-politica","tag-brasil","tag-eleicoes-2022","tag-lollapalooza","tag-manifestacao","tag-politica"],"aioseo_notices":[],"_links":{"self":[{"href":"https:\/\/www.portalalerta.com.br\/index.php\/wp-json\/wp\/v2\/posts\/41810","targetHints":{"allow":["GET"]}}],"collection":[{"href":"https:\/\/www.portalalerta.com.br\/index.php\/wp-json\/wp\/v2\/posts"}],"about":[{"href":"https:\/\/www.portalalerta.com.br\/index.php\/wp-json\/wp\/v2\/types\/post"}],"author":[{"embeddable":true,"href":"https:\/\/www.portalalerta.com.br\/index.php\/wp-json\/wp\/v2\/users\/2"}],"replies":[{"embeddable":true,"href":"https:\/\/www.portalalerta.com.br\/index.php\/wp-json\/wp\/v2\/comments?post=41810"}],"version-history":[{"count":1,"href":"https:\/\/www.portalalerta.com.br\/index.php\/wp-json\/wp\/v2\/posts\/41810\/revisions"}],"predecessor-version":[{"id":41811,"href":"https:\/\/www.portalalerta.com.br\/index.php\/wp-json\/wp\/v2\/posts\/41810\/revisions\/41811"}],"wp:featuredmedia":[{"embeddable":true,"href":"https:\/\/www.portalalerta.com.br\/index.php\/wp-json\/wp\/v2\/media\/41788"}],"wp:attachment":[{"href":"https:\/\/www.portalalerta.com.br\/index.php\/wp-json\/wp\/v2\/media?parent=41810"}],"wp:term":[{"taxonomy":"category","embeddable":true,"href":"https:\/\/www.portalalerta.com.br\/index.php\/wp-json\/wp\/v2\/categories?post=41810"},{"taxonomy":"post_tag","embeddable":true,"href":"https:\/\/www.portalalerta.com.br\/index.php\/wp-json\/wp\/v2\/tags?post=41810"}],"curies":[{"name":"wp","href":"https:\/\/api.w.org\/{rel}","templated":true}]}}