{"id":41812,"date":"2022-03-28T11:33:00","date_gmt":"2022-03-28T14:33:00","guid":{"rendered":"https:\/\/www.portalalerta.com.br\/?p=41812"},"modified":"2022-03-27T22:45:15","modified_gmt":"2022-03-28T01:45:15","slug":"apos-cometer-furto-em-ribeira-do-pombal-ba-criminoso-e-preso-em-tucano-ba-com-armas-de-fogo-e-drogas","status":"publish","type":"post","link":"https:\/\/www.portalalerta.com.br\/index.php\/2022\/03\/28\/apos-cometer-furto-em-ribeira-do-pombal-ba-criminoso-e-preso-em-tucano-ba-com-armas-de-fogo-e-drogas\/","title":{"rendered":"Ap\u00f3s cometer furto em Ribeira do Pombal-BA, criminoso \u00e9 preso em Tucano-BA com armas de fogo e drogas"},"content":{"rendered":"\n<p>Um jovem foi preso na manh\u00e3 da \u00faltima sexta-feira (25), ap\u00f3s ser flagrado com armas de fogo, e drogas, em Tucano-BA.<\/p>\n\n\n\n<!--more-->\n\n\n\n<p>Segundo relatos, o rapaz que \u00e9 morador do povoado Po\u00e7\u00e3o em Tucano, teria sido flagrado por c\u00e2meras de seguran\u00e7a de uma propriedade rural situada em Ribeira do Pombal-BA, ap\u00f3s cometer um furto no local. As c\u00e2meras ajudaram aos policiais a identificarem o autor, bem como o destino que tomou durante a fuga.<\/p>\n\n\n\n<div class=\"wp-block-image\"><figure class=\"alignleft size-large is-resized\"><img fetchpriority=\"high\" decoding=\"async\" src=\"https:\/\/www.portalalerta.com.br\/wp-content\/uploads\/2022\/03\/Real-Calcados-Estilo-e-Moda-para-Voce-1024x459.jpeg\" alt=\"\" class=\"wp-image-41407\" width=\"410\" height=\"184\"\/><\/figure><\/div>\n\n\n\n<p>Com a chegada da pol\u00edcia, o suspeito tentou fugir, por\u00e9m sem sucesso, sendo alcan\u00e7ado e preso. No local tamb\u00e9m foram encontrados: 03 espingardas ante carga, 01 espingarda de press\u00e3o cal. 4.5, &nbsp;03 papelotes contendo maconha, 01 fac\u00e3o com bainha, 01 motocicleta, uma quantia de R$ 175,25 em esp\u00e9cie, dentre outros produtos.<br><br>Todo o material, bem como o suspeito, foi conduzido e apresentado na Delegacia de Pol\u00edcia Civil para a ado\u00e7\u00e3o das medidas cab\u00edveis.<\/p>\n\n\n\n<p><em>Reda\u00e7\u00e3o: Portal Alerta<\/em><\/p>\n","protected":false},"excerpt":{"rendered":"<p>Um jovem foi preso na manh\u00e3 da \u00faltima sexta-feira (25), ap\u00f3s ser flagrado com armas de fogo, e drogas, em Tucano-BA.<\/p>\n","protected":false},"author":2,"featured_media":41813,"comment_status":"open","ping_status":"open","sticky":false,"template":"","format":"standard","meta":{"om_disable_all_campaigns":false,"_monsterinsights_skip_tracking":false,"_monsterinsights_sitenote_active":false,"_monsterinsights_sitenote_note":"","_monsterinsights_sitenote_category":0,"footnotes":""},"categories":[70,69,32,3,22,12],"tags":[85,79,1769,356,47,190],"class_list":["post-41812","post","type-post","status-publish","format-standard","has-post-thumbnail","hentry","category-destaques","category-noticias2","category-regiao","category-ribeira-do-pombal","category-seguranca","category-tucano","tag-furto","tag-policia-militar","tag-posse-de-arma-de-fogo","tag-posse-de-drogas","tag-ribeira-do-pombal","tag-tucano"],"aioseo_notices":[],"_links":{"self":[{"href":"https:\/\/www.portalalerta.com.br\/index.php\/wp-json\/wp\/v2\/posts\/41812","targetHints":{"allow":["GET"]}}],"collection":[{"href":"https:\/\/www.portalalerta.com.br\/index.php\/wp-json\/wp\/v2\/posts"}],"about":[{"href":"https:\/\/www.portalalerta.com.br\/index.php\/wp-json\/wp\/v2\/types\/post"}],"author":[{"embeddable":true,"href":"https:\/\/www.portalalerta.com.br\/index.php\/wp-json\/wp\/v2\/users\/2"}],"replies":[{"embeddable":true,"href":"https:\/\/www.portalalerta.com.br\/index.php\/wp-json\/wp\/v2\/comments?post=41812"}],"version-history":[{"count":1,"href":"https:\/\/www.portalalerta.com.br\/index.php\/wp-json\/wp\/v2\/posts\/41812\/revisions"}],"predecessor-version":[{"id":41814,"href":"https:\/\/www.portalalerta.com.br\/index.php\/wp-json\/wp\/v2\/posts\/41812\/revisions\/41814"}],"wp:featuredmedia":[{"embeddable":true,"href":"https:\/\/www.portalalerta.com.br\/index.php\/wp-json\/wp\/v2\/media\/41813"}],"wp:attachment":[{"href":"https:\/\/www.portalalerta.com.br\/index.php\/wp-json\/wp\/v2\/media?parent=41812"}],"wp:term":[{"taxonomy":"category","embeddable":true,"href":"https:\/\/www.portalalerta.com.br\/index.php\/wp-json\/wp\/v2\/categories?post=41812"},{"taxonomy":"post_tag","embeddable":true,"href":"https:\/\/www.portalalerta.com.br\/index.php\/wp-json\/wp\/v2\/tags?post=41812"}],"curies":[{"name":"wp","href":"https:\/\/api.w.org\/{rel}","templated":true}]}}