{"id":41840,"date":"2022-03-29T19:30:52","date_gmt":"2022-03-29T22:30:52","guid":{"rendered":"https:\/\/www.portalalerta.com.br\/?p=41840"},"modified":"2022-03-29T19:30:54","modified_gmt":"2022-03-29T22:30:54","slug":"governo-anuncia-adriano-pires-para-a-presidencia-da-petrobras","status":"publish","type":"post","link":"https:\/\/www.portalalerta.com.br\/index.php\/2022\/03\/29\/governo-anuncia-adriano-pires-para-a-presidencia-da-petrobras\/","title":{"rendered":"Governo anuncia Adriano Pires para a presid\u00eancia da Petrobras"},"content":{"rendered":"\n<p>O Minist\u00e9rio de Minas e Energia confirmou o presidente Jair Bolsonaro (PL) indicou o economista Adriano Pires para assumir o comando da Petrobras.\u00a0O atual presidente, general Silva e Luna, foi informado hoje da decis\u00e3o de Bolsonaro em tir\u00e1-lo do cargo.\u00a0A mudan\u00e7a de cargos deve ser homologada em Assembleia Geral Ordin\u00e1ria no pr\u00f3ximo dia 13 de abril. As informa\u00e7\u00f5es s\u00e3o do\u00a0<em>UOL<\/em>.<\/p>\n\n\n\n<!--more-->\n\n\n\n<div class=\"wp-block-image\"><figure class=\"alignleft size-full is-resized\"><img fetchpriority=\"high\" decoding=\"async\" src=\"https:\/\/www.portalalerta.com.br\/wp-content\/uploads\/2021\/04\/ELAB.jpg\" alt=\"\" class=\"wp-image-34795\" width=\"418\" height=\"334\" srcset=\"https:\/\/www.portalalerta.com.br\/wp-content\/uploads\/2021\/04\/ELAB.jpg 1000w, https:\/\/www.portalalerta.com.br\/wp-content\/uploads\/2021\/04\/ELAB-300x240.jpg 300w, https:\/\/www.portalalerta.com.br\/wp-content\/uploads\/2021\/04\/ELAB-768x614.jpg 768w, https:\/\/www.portalalerta.com.br\/wp-content\/uploads\/2021\/04\/ELAB-183x146.jpg 183w, https:\/\/www.portalalerta.com.br\/wp-content\/uploads\/2021\/04\/ELAB-50x40.jpg 50w, https:\/\/www.portalalerta.com.br\/wp-content\/uploads\/2021\/04\/ELAB-94x75.jpg 94w\" sizes=\"(max-width: 418px) 100vw, 418px\" \/><\/figure><\/div>\n\n\n\n<p>Em nota, a pasta afirma que consolidou a rela\u00e7\u00e3o de indicados do Acionista Controlador, no caso o governo, para compor o Conselho de Administra\u00e7\u00e3o da Petr\u00f3leo Brasileiro. Outro nome considerado por Bolsonaro foi Rodolfo Landim, que assumiria para o exerc\u00edcio da Presid\u00eancia do Conselho de Administra\u00e7\u00e3o e Pires para a Presid\u00eancia.<\/p>\n\n\n\n<p>A demiss\u00e3o do militar ocorre ap\u00f3s uma s\u00e9rie de desgastes com o presidente Jair Bolsonaro (PL) em raz\u00e3o do mega-aumento dos pre\u00e7os nos combust\u00edveis promovido pela empresa. Luna vinha sofrendo press\u00e3o para revisar a alta nos pre\u00e7os ap\u00f3s varia\u00e7\u00f5es na cota\u00e7\u00e3o do barril do petr\u00f3leo. O general foi pressionado publicamente por Bolsonaro e pelo presidente da C\u00e2mara, Arthur Lira (PP-AL).<\/p>\n\n\n\n<p><strong>Quem \u00e9 Adriano Pires<\/strong><\/p>\n\n\n\n<p>Adriano Pires \u00e9 formado pela Universidade Federal do Rio de Janeiro e doutor em economia industrial pela Universidade de Paris XIII. Com mais de 40 anos de atua\u00e7\u00e3o no mercado de energia, Pires \u00e9 s\u00f3cio do Centro Brasileiro de Infraestrutura (CBIE).<\/p>\n\n\n\n<p>Ele j\u00e1 foi integrante do Governo Federal em 2001, quando foi assessor do diretor-geral da Ag\u00eancia Nacional de Petr\u00f3leo, G\u00e1s e Biocombust\u00edveis (ANP). Nos \u00faltimos anos, ele tamb\u00e9m prestou consultorias para o Banco Internacional para Reconstru\u00e7\u00e3o e Desenvolvimento (BIRD) e da Ag\u00eancia Nacional de Energia El\u00e9trica (Aneel).<\/p>\n\n\n\n<p><em>Fonte: Yahoo Not\u00edcias<\/em><\/p>\n","protected":false},"excerpt":{"rendered":"<p>O Minist\u00e9rio de Minas e Energia confirmou o presidente Jair Bolsonaro (PL) indicou o economista Adriano Pires para assumir o comando da Petrobras.\u00a0O atual presidente, general Silva e Luna, foi informado hoje da decis\u00e3o de Bolsonaro em tir\u00e1-lo do cargo.\u00a0A mudan\u00e7a de cargos deve ser homologada em Assembleia Geral Ordin\u00e1ria no pr\u00f3ximo dia 13 de &hellip;<\/p>\n","protected":false},"author":2,"featured_media":41841,"comment_status":"open","ping_status":"open","sticky":false,"template":"","format":"standard","meta":{"om_disable_all_campaigns":false,"_monsterinsights_skip_tracking":false,"_monsterinsights_sitenote_active":false,"_monsterinsights_sitenote_note":"","_monsterinsights_sitenote_category":0,"footnotes":""},"categories":[34,70,69,21],"tags":[5336,93,329,94],"class_list":["post-41840","post","type-post","status-publish","format-standard","has-post-thumbnail","hentry","category-brasil","category-destaques","category-noticias2","category-politica","tag-adriano-pires","tag-brasil","tag-petrobras","tag-presidente"],"aioseo_notices":[],"_links":{"self":[{"href":"https:\/\/www.portalalerta.com.br\/index.php\/wp-json\/wp\/v2\/posts\/41840","targetHints":{"allow":["GET"]}}],"collection":[{"href":"https:\/\/www.portalalerta.com.br\/index.php\/wp-json\/wp\/v2\/posts"}],"about":[{"href":"https:\/\/www.portalalerta.com.br\/index.php\/wp-json\/wp\/v2\/types\/post"}],"author":[{"embeddable":true,"href":"https:\/\/www.portalalerta.com.br\/index.php\/wp-json\/wp\/v2\/users\/2"}],"replies":[{"embeddable":true,"href":"https:\/\/www.portalalerta.com.br\/index.php\/wp-json\/wp\/v2\/comments?post=41840"}],"version-history":[{"count":1,"href":"https:\/\/www.portalalerta.com.br\/index.php\/wp-json\/wp\/v2\/posts\/41840\/revisions"}],"predecessor-version":[{"id":41842,"href":"https:\/\/www.portalalerta.com.br\/index.php\/wp-json\/wp\/v2\/posts\/41840\/revisions\/41842"}],"wp:featuredmedia":[{"embeddable":true,"href":"https:\/\/www.portalalerta.com.br\/index.php\/wp-json\/wp\/v2\/media\/41841"}],"wp:attachment":[{"href":"https:\/\/www.portalalerta.com.br\/index.php\/wp-json\/wp\/v2\/media?parent=41840"}],"wp:term":[{"taxonomy":"category","embeddable":true,"href":"https:\/\/www.portalalerta.com.br\/index.php\/wp-json\/wp\/v2\/categories?post=41840"},{"taxonomy":"post_tag","embeddable":true,"href":"https:\/\/www.portalalerta.com.br\/index.php\/wp-json\/wp\/v2\/tags?post=41840"}],"curies":[{"name":"wp","href":"https:\/\/api.w.org\/{rel}","templated":true}]}}