{"id":41847,"date":"2022-03-29T20:17:29","date_gmt":"2022-03-29T23:17:29","guid":{"rendered":"https:\/\/www.portalalerta.com.br\/?p=41847"},"modified":"2022-03-29T20:17:31","modified_gmt":"2022-03-29T23:17:31","slug":"bolsonaro-tem-alta-do-hospital-depois-de-passar-a-noite-internado-para-examinar-desconforto","status":"publish","type":"post","link":"https:\/\/www.portalalerta.com.br\/index.php\/2022\/03\/29\/bolsonaro-tem-alta-do-hospital-depois-de-passar-a-noite-internado-para-examinar-desconforto\/","title":{"rendered":"Bolsonaro tem alta do hospital depois de passar a noite internado para examinar desconforto"},"content":{"rendered":"\n<p><strong>Problema na segunda-feira (28) fez com que presidente deixasse de comparecer a evento de filia\u00e7\u00e3o dos ministros Tarc\u00edsio Gomes de Freitas e Damares Alves ao partido Republicanos.<\/strong><\/p>\n\n\n\n<!--more-->\n\n\n\n<p>O presidente\u00a0Jair Bolsonaro\u00a0(PL) deixou o Hospital das For\u00e7as Armadas (HFA), em Bras\u00edlia, na manh\u00e3 desta ter\u00e7a-feira (29). Ele estava no local desde a noite anterior, quando deu entrada, segundo o ministro das Comunica\u00e7\u00f5es,\u00a0Fabio Faria, para submeter-se a exames devido a um &#8220;desconforto&#8221;.<\/p>\n\n\n\n<p>Na segunda-feira (28), Bolsonaro se dirigia a um evento do Republicanos, partido da base de apoio ao governo, quando precisou ir para o hospital. Segundo a primeira-dama Michelle Bolsonaro, que compareceu ao evento, Bolsonaro passava bem.<\/p>\n\n\n\n<div class=\"wp-block-image\"><figure class=\"aligncenter size-full\"><img fetchpriority=\"high\" decoding=\"async\" width=\"720\" height=\"181\" src=\"https:\/\/www.portalalerta.com.br\/wp-content\/uploads\/2018\/02\/Auto-Escola-Nobre.jpg\" alt=\"\" class=\"wp-image-4869\" srcset=\"https:\/\/www.portalalerta.com.br\/wp-content\/uploads\/2018\/02\/Auto-Escola-Nobre.jpg 720w, https:\/\/www.portalalerta.com.br\/wp-content\/uploads\/2018\/02\/Auto-Escola-Nobre-260x65.jpg 260w, https:\/\/www.portalalerta.com.br\/wp-content\/uploads\/2018\/02\/Auto-Escola-Nobre-50x13.jpg 50w, https:\/\/www.portalalerta.com.br\/wp-content\/uploads\/2018\/02\/Auto-Escola-Nobre-150x38.jpg 150w\" sizes=\"(max-width: 720px) 100vw, 720px\" \/><\/figure><\/div>\n\n\n\n<p><strong><em>&#8220;Primeira-dama Michelle, receba os nossos cumprimentos, as nossas ora\u00e7\u00f5es. Tenho certeza que o presidente est\u00e1 bem. S\u00e3o apenas uns exames que ele est\u00e1 fazendo, por isso n\u00e3o est\u00e1 presente aqui&#8221;<\/em><\/strong>, disse o deputado Marcos Pereira, presidente do partido, durante o evento,\u00a0no qual se filiaram ao partido os ministros\u00a0Tarc\u00edsio Gomes de Freitas (Infraestrutura) e Damares Alves (Mulher, Fam\u00edlia e Direitos Humanos).<\/p>\n\n\n\n<p>Em janeiro, Bolsonaro ficou dois dias internado no Hospital Vila Nova Star, na Zona Sul de S\u00e3o Paulo, devido a uma obstru\u00e7\u00e3o no intestino.<\/p>\n\n\n\n<p>Na ocasi\u00e3o, o m\u00e9dico que acompanha o presidente desde 2018, Ant\u00f4nio Luiz Macedo, disse que o problema tinha sido provocado por um camar\u00e3o n\u00e3o mastigado corretamente.<\/p>\n\n\n\n<p>Em 2018,\u00a0Bolsonaro foi alvo de uma facada\u00a0durante a campanha eleitoral. Desde ent\u00e3o, foi\u00a0submetido a quatro cirurgias\u00a0em decorr\u00eancia do epis\u00f3dio.<\/p>\n\n\n\n<p>Al\u00e9m disso, realizou outros dois procedimentos n\u00e3o relacionados \u00e0 facada \u2013 uma cirurgia para retirada de c\u00e1lculo na bexiga e uma vasectomia.<\/p>\n\n\n\n<p>Em julho de 2021, Bolsonaro apresentou solu\u00e7os persistentes e foi internado ap\u00f3s ser diagnosticado com\u00a0obstru\u00e7\u00e3o intestinal.<\/p>\n\n\n\n<p><em>Fonte: G1<\/em><\/p>\n","protected":false},"excerpt":{"rendered":"<p>Problema na segunda-feira (28) fez com que presidente deixasse de comparecer a evento de filia\u00e7\u00e3o dos ministros Tarc\u00edsio Gomes de Freitas e Damares Alves ao partido Republicanos.<\/p>\n","protected":false},"author":2,"featured_media":36752,"comment_status":"open","ping_status":"open","sticky":false,"template":"","format":"standard","meta":{"om_disable_all_campaigns":false,"_monsterinsights_skip_tracking":false,"_monsterinsights_sitenote_active":false,"_monsterinsights_sitenote_note":"","_monsterinsights_sitenote_category":0,"footnotes":""},"categories":[34,70,69,21],"tags":[666,93,1395,1152],"class_list":["post-41847","post","type-post","status-publish","format-standard","has-post-thumbnail","hentry","category-brasil","category-destaques","category-noticias2","category-politica","tag-alta-hospitalar","tag-brasil","tag-jair-bolsonaro","tag-presidente-da-republica"],"aioseo_notices":[],"_links":{"self":[{"href":"https:\/\/www.portalalerta.com.br\/index.php\/wp-json\/wp\/v2\/posts\/41847","targetHints":{"allow":["GET"]}}],"collection":[{"href":"https:\/\/www.portalalerta.com.br\/index.php\/wp-json\/wp\/v2\/posts"}],"about":[{"href":"https:\/\/www.portalalerta.com.br\/index.php\/wp-json\/wp\/v2\/types\/post"}],"author":[{"embeddable":true,"href":"https:\/\/www.portalalerta.com.br\/index.php\/wp-json\/wp\/v2\/users\/2"}],"replies":[{"embeddable":true,"href":"https:\/\/www.portalalerta.com.br\/index.php\/wp-json\/wp\/v2\/comments?post=41847"}],"version-history":[{"count":1,"href":"https:\/\/www.portalalerta.com.br\/index.php\/wp-json\/wp\/v2\/posts\/41847\/revisions"}],"predecessor-version":[{"id":41848,"href":"https:\/\/www.portalalerta.com.br\/index.php\/wp-json\/wp\/v2\/posts\/41847\/revisions\/41848"}],"wp:featuredmedia":[{"embeddable":true,"href":"https:\/\/www.portalalerta.com.br\/index.php\/wp-json\/wp\/v2\/media\/36752"}],"wp:attachment":[{"href":"https:\/\/www.portalalerta.com.br\/index.php\/wp-json\/wp\/v2\/media?parent=41847"}],"wp:term":[{"taxonomy":"category","embeddable":true,"href":"https:\/\/www.portalalerta.com.br\/index.php\/wp-json\/wp\/v2\/categories?post=41847"},{"taxonomy":"post_tag","embeddable":true,"href":"https:\/\/www.portalalerta.com.br\/index.php\/wp-json\/wp\/v2\/tags?post=41847"}],"curies":[{"name":"wp","href":"https:\/\/api.w.org\/{rel}","templated":true}]}}