{"id":41858,"date":"2022-03-30T07:02:00","date_gmt":"2022-03-30T10:02:00","guid":{"rendered":"https:\/\/www.portalalerta.com.br\/?p=41858"},"modified":"2022-03-30T01:12:33","modified_gmt":"2022-03-30T04:12:33","slug":"jovem-de-20-anos-e-preso-por-planejar-massacres-no-df","status":"publish","type":"post","link":"https:\/\/www.portalalerta.com.br\/index.php\/2022\/03\/30\/jovem-de-20-anos-e-preso-por-planejar-massacres-no-df\/","title":{"rendered":"Jovem de 20 anos \u00e9 preso por planejar massacres no DF"},"content":{"rendered":"\n<p>Policiais Civis da Delegacia Especial de Repress\u00e3o aos Crimes Cibern\u00e9ticos (DRCC), prenderam nesta ter\u00e7a-feira (29), na Asa Sul, em Bras\u00edlia (DF), um jovem de 20 anos, por planejar cometer massacres em escolas e eventos da capital. As informa\u00e7\u00f5es s\u00e3o do Metr\u00f3poles.<\/p>\n\n\n\n<!--more-->\n\n\n\n<p>Ap\u00f3s expedi\u00e7\u00e3o do mandado de busca e apreens\u00e3o, os policiais estiveram na casa do suspeito. Em depoimento \u00e0 pol\u00edcia, o jovem confessou o plano e detalhou atos de grave viol\u00eancia e confessou participar de grupos com ideais nazifascistas e antidemocr\u00e1ticos.<\/p>\n\n\n\n<div class=\"wp-block-image\"><figure class=\"aligncenter size-full\"><img fetchpriority=\"high\" decoding=\"async\" width=\"720\" height=\"181\" src=\"https:\/\/www.portalalerta.com.br\/wp-content\/uploads\/2018\/02\/Auto-Escola-Nobre.jpg\" alt=\"\" class=\"wp-image-4869\" srcset=\"https:\/\/www.portalalerta.com.br\/wp-content\/uploads\/2018\/02\/Auto-Escola-Nobre.jpg 720w, https:\/\/www.portalalerta.com.br\/wp-content\/uploads\/2018\/02\/Auto-Escola-Nobre-260x65.jpg 260w, https:\/\/www.portalalerta.com.br\/wp-content\/uploads\/2018\/02\/Auto-Escola-Nobre-50x13.jpg 50w, https:\/\/www.portalalerta.com.br\/wp-content\/uploads\/2018\/02\/Auto-Escola-Nobre-150x38.jpg 150w\" sizes=\"(max-width: 720px) 100vw, 720px\" \/><\/figure><\/div>\n\n\n\n<p>Na casa do suspeito, os agentes apreenderam quatro celulares, uma arma de airsoft, taco de beisebol, facas e uma m\u00e1scara do personagem fict\u00edcio Jason Voorhees, assassino da s\u00e9rie de filmes slasher Sexta-Feira 13. Durante as buscas, os investigadores encontraram, ainda, conte\u00fados de cunho pornogr\u00e1fico infantil armazenados no celular do estudante.<\/p>\n\n\n\n<p>A a\u00e7\u00e3o faz parte da segunda fase da Opera\u00e7\u00e3o Shield, que tem como objetivo reprimir a\u00e7\u00f5es graves de viol\u00eancia.<\/p>\n\n\n\n<p>A investiga\u00e7\u00e3o durou cerca de dois meses e contou com apoio do Instituto de Criminal\u00edstica (IC), da Adid\u00e2ncia da Pol\u00edcia de Imigra\u00e7\u00e3o, da Alf\u00e2ndega dos Estados Unidos da Am\u00e9rica (U.S. Immigration and Customs Enforcement) e da Ag\u00eancia de Investiga\u00e7\u00f5es de Seguran\u00e7a Interna (Homeland Security Investigations ou HSI) em Bras\u00edlia, que levantou informa\u00e7\u00f5es sobre indiv\u00edduos com a poss\u00edvel inten\u00e7\u00e3o de cometer atos graves de viol\u00eancia, incluindo massacres escolares.<\/p>\n\n\n\n<p>A Coordena\u00e7\u00e3o do Laborat\u00f3rio de Intelig\u00eancia Cibern\u00e9tica do Minist\u00e9rio da Justi\u00e7a e Seguran\u00e7a P\u00fablica realizou a investiga\u00e7\u00e3o preliminar e repassou as informa\u00e7\u00f5es \u00e0 PCDF. Dessa forma, a corpora\u00e7\u00e3o, por interm\u00e9dio da DRCC, passou a dar prioridade ao caso.<\/p>\n\n\n\n<p>Na ocasi\u00e3o, a equipe tamb\u00e9m encontrou materiais relacionados \u00e0 pornografia infantil armazenados em seu celular. O suspeito preso armazenava fotografias e v\u00eddeos contendo cena de sexo expl\u00edcito ou pornogr\u00e1fica envolvendo crian\u00e7a e adolescente.<\/p>\n\n\n\n<p>Para o delegado do caso, D\u00e1rio Freitas, a a\u00e7\u00e3o das pol\u00edcias neutralizou uma trag\u00e9dia.<\/p>\n\n\n\n<p><strong><em>&#8220;O caso \u00e9 um excelente exemplo em que a coopera\u00e7\u00e3o policial internacional, bem articulada entre os pa\u00edses (EUA e Brasil), o Laborat\u00f3rio de Intelig\u00eancia Cibern\u00e9tica (SEOPI) e a PCDF, neutralizou uma trag\u00e9dia, cujas consequ\u00eancias nefastas incalcul\u00e1veis, com prov\u00e1veis dezenas de v\u00edtimas de ataque em Bras\u00edlia&#8221;,<\/em><\/strong> disse o delegado.<\/p>\n\n\n\n<p><em>Fonte: Yahoo Not\u00edcias<\/em><\/p>\n","protected":false},"excerpt":{"rendered":"<p>Policiais Civis da Delegacia Especial de Repress\u00e3o aos Crimes Cibern\u00e9ticos (DRCC), prenderam nesta ter\u00e7a-feira (29), na Asa Sul, em Bras\u00edlia (DF), um jovem de 20 anos, por planejar cometer massacres em escolas e eventos da capital. As informa\u00e7\u00f5es s\u00e3o do Metr\u00f3poles.<\/p>\n","protected":false},"author":2,"featured_media":41859,"comment_status":"open","ping_status":"open","sticky":false,"template":"","format":"standard","meta":{"om_disable_all_campaigns":false,"_monsterinsights_skip_tracking":false,"_monsterinsights_sitenote_active":false,"_monsterinsights_sitenote_note":"","_monsterinsights_sitenote_category":0,"footnotes":""},"categories":[34,70,69,22],"tags":[374,93,539],"class_list":["post-41858","post","type-post","status-publish","format-standard","has-post-thumbnail","hentry","category-brasil","category-destaques","category-noticias2","category-seguranca","tag-atentado","tag-brasil","tag-distrito-federal"],"aioseo_notices":[],"_links":{"self":[{"href":"https:\/\/www.portalalerta.com.br\/index.php\/wp-json\/wp\/v2\/posts\/41858","targetHints":{"allow":["GET"]}}],"collection":[{"href":"https:\/\/www.portalalerta.com.br\/index.php\/wp-json\/wp\/v2\/posts"}],"about":[{"href":"https:\/\/www.portalalerta.com.br\/index.php\/wp-json\/wp\/v2\/types\/post"}],"author":[{"embeddable":true,"href":"https:\/\/www.portalalerta.com.br\/index.php\/wp-json\/wp\/v2\/users\/2"}],"replies":[{"embeddable":true,"href":"https:\/\/www.portalalerta.com.br\/index.php\/wp-json\/wp\/v2\/comments?post=41858"}],"version-history":[{"count":1,"href":"https:\/\/www.portalalerta.com.br\/index.php\/wp-json\/wp\/v2\/posts\/41858\/revisions"}],"predecessor-version":[{"id":41860,"href":"https:\/\/www.portalalerta.com.br\/index.php\/wp-json\/wp\/v2\/posts\/41858\/revisions\/41860"}],"wp:featuredmedia":[{"embeddable":true,"href":"https:\/\/www.portalalerta.com.br\/index.php\/wp-json\/wp\/v2\/media\/41859"}],"wp:attachment":[{"href":"https:\/\/www.portalalerta.com.br\/index.php\/wp-json\/wp\/v2\/media?parent=41858"}],"wp:term":[{"taxonomy":"category","embeddable":true,"href":"https:\/\/www.portalalerta.com.br\/index.php\/wp-json\/wp\/v2\/categories?post=41858"},{"taxonomy":"post_tag","embeddable":true,"href":"https:\/\/www.portalalerta.com.br\/index.php\/wp-json\/wp\/v2\/tags?post=41858"}],"curies":[{"name":"wp","href":"https:\/\/api.w.org\/{rel}","templated":true}]}}