{"id":42053,"date":"2022-04-10T12:45:32","date_gmt":"2022-04-10T15:45:32","guid":{"rendered":"https:\/\/www.portalalerta.com.br\/?p=42053"},"modified":"2022-04-10T12:45:33","modified_gmt":"2022-04-10T15:45:33","slug":"governo-pode-usar-excesso-de-arrecadacao-para-corrigir-tabela-do-ir","status":"publish","type":"post","link":"https:\/\/www.portalalerta.com.br\/index.php\/2022\/04\/10\/governo-pode-usar-excesso-de-arrecadacao-para-corrigir-tabela-do-ir\/","title":{"rendered":"Governo pode usar excesso de arrecada\u00e7\u00e3o para corrigir tabela do IR"},"content":{"rendered":"\n<p>Paulo Guedes tamb\u00e9m promete nova redu\u00e7\u00e3o em tarifas de importa\u00e7\u00e3o<\/p>\n\n\n\n<!--more-->\n\n\n\n<p>Pelo menos uma parte do excesso de arrecada\u00e7\u00e3o decorrente da recupera\u00e7\u00e3o da economia poder\u00e1 ser usado para corrigir da tabela do Imposto de Renda Pessoa F\u00edsica, disse o ministro da Economia, Paulo Guedes. Em evento promovido pelo banco Bradesco, ele tamb\u00e9m prometeu uma nova redu\u00e7\u00e3o do Imposto de Importa\u00e7\u00e3o.<\/p>\n\n\n\n<div class=\"wp-block-image\"><figure class=\"aligncenter size-full\"><img fetchpriority=\"high\" decoding=\"async\" width=\"720\" height=\"181\" src=\"https:\/\/www.portalalerta.com.br\/wp-content\/uploads\/2018\/02\/Auto-Escola-Nobre.jpg\" alt=\"\" class=\"wp-image-4869\" srcset=\"https:\/\/www.portalalerta.com.br\/wp-content\/uploads\/2018\/02\/Auto-Escola-Nobre.jpg 720w, https:\/\/www.portalalerta.com.br\/wp-content\/uploads\/2018\/02\/Auto-Escola-Nobre-260x65.jpg 260w, https:\/\/www.portalalerta.com.br\/wp-content\/uploads\/2018\/02\/Auto-Escola-Nobre-50x13.jpg 50w, https:\/\/www.portalalerta.com.br\/wp-content\/uploads\/2018\/02\/Auto-Escola-Nobre-150x38.jpg 150w\" sizes=\"(max-width: 720px) 100vw, 720px\" \/><\/figure><\/div>\n\n\n\n<p><strong><em>\u201cConversamos se corrigimos a tabela do IR agora ou deixamos para primeira a\u00e7\u00e3o de novo governo. N\u00e3o queremos usar toda a alta de arrecada\u00e7\u00e3o de uma vez. Vamos devolver apenas parte para n\u00e3o corrermos riscos fiscais\u201d<\/em><\/strong>, declarou o ministro durante a confer\u00eancia virtual.<\/p>\n\n\n\n<p>De acordo com o ministro, a equipe econ\u00f4mica tamb\u00e9m gostaria de usar a melhoria da arrecada\u00e7\u00e3o para financiar a renegocia\u00e7\u00e3o de d\u00edvidas do Simples Nacional e a isen\u00e7\u00e3o para investidores estrangeiros. Ele, no entanto, disse que a altera\u00e7\u00e3o de medidas econ\u00f4micas pela ala pol\u00edtica do governo nem sempre viabilizam essas medidas.<\/p>\n\n\n\n<p><strong><em>\u201cFicam com a parte boa das medidas e retiram a parte ruim, que \u00e9 a fonte de recursos. Com isso, acabamos tendo que vetar medidas por bater cabe\u00e7a no governo\u201d<\/em><\/strong>, explicou Guedes.<\/p>\n\n\n\n<p><strong>Greves<\/strong>&nbsp;&#8211; Em rela\u00e7\u00e3o \u00e0s press\u00f5es do funcionalismo federal por aumentos salariais, Guedes disse que a ideia \u00e9 populista. Segundo ele, a concess\u00e3o de qualquer reajuste num momento em que o pa\u00eds ainda se recupera da crise econ\u00f4mica gerada pela pandemia de covid-19 trar\u00e1 mais custos para as gera\u00e7\u00f5es futuras.<\/p>\n\n\n\n<p><strong><em>\u201cSe come\u00e7ar a dar reajuste para todo mundo, estamos empurrando o custo para filhos e netos\u201d, declarou. Na avalia\u00e7\u00e3o do ministro, a reposi\u00e7\u00e3o das perdas da infla\u00e7\u00e3o n\u00e3o pode ser feita neste momento porque o \u201cmundo viveu uma guerra\u201d<\/em><\/strong> contra o novo coronav\u00edrus.<\/p>\n\n\n\n<p><em>Fonte: Metro1<\/em><\/p>\n","protected":false},"excerpt":{"rendered":"<p>Paulo Guedes tamb\u00e9m promete nova redu\u00e7\u00e3o em tarifas de importa\u00e7\u00e3o<\/p>\n","protected":false},"author":2,"featured_media":38863,"comment_status":"open","ping_status":"open","sticky":false,"template":"","format":"standard","meta":{"om_disable_all_campaigns":false,"_monsterinsights_skip_tracking":false,"_monsterinsights_sitenote_active":false,"_monsterinsights_sitenote_note":"","_monsterinsights_sitenote_category":0,"footnotes":""},"categories":[34,70,69,21],"tags":[93,660,3478],"class_list":["post-42053","post","type-post","status-publish","format-standard","has-post-thumbnail","hentry","category-brasil","category-destaques","category-noticias2","category-politica","tag-brasil","tag-imposto-de-renda","tag-ministerio-da-economia"],"aioseo_notices":[],"_links":{"self":[{"href":"https:\/\/www.portalalerta.com.br\/index.php\/wp-json\/wp\/v2\/posts\/42053","targetHints":{"allow":["GET"]}}],"collection":[{"href":"https:\/\/www.portalalerta.com.br\/index.php\/wp-json\/wp\/v2\/posts"}],"about":[{"href":"https:\/\/www.portalalerta.com.br\/index.php\/wp-json\/wp\/v2\/types\/post"}],"author":[{"embeddable":true,"href":"https:\/\/www.portalalerta.com.br\/index.php\/wp-json\/wp\/v2\/users\/2"}],"replies":[{"embeddable":true,"href":"https:\/\/www.portalalerta.com.br\/index.php\/wp-json\/wp\/v2\/comments?post=42053"}],"version-history":[{"count":1,"href":"https:\/\/www.portalalerta.com.br\/index.php\/wp-json\/wp\/v2\/posts\/42053\/revisions"}],"predecessor-version":[{"id":42054,"href":"https:\/\/www.portalalerta.com.br\/index.php\/wp-json\/wp\/v2\/posts\/42053\/revisions\/42054"}],"wp:featuredmedia":[{"embeddable":true,"href":"https:\/\/www.portalalerta.com.br\/index.php\/wp-json\/wp\/v2\/media\/38863"}],"wp:attachment":[{"href":"https:\/\/www.portalalerta.com.br\/index.php\/wp-json\/wp\/v2\/media?parent=42053"}],"wp:term":[{"taxonomy":"category","embeddable":true,"href":"https:\/\/www.portalalerta.com.br\/index.php\/wp-json\/wp\/v2\/categories?post=42053"},{"taxonomy":"post_tag","embeddable":true,"href":"https:\/\/www.portalalerta.com.br\/index.php\/wp-json\/wp\/v2\/tags?post=42053"}],"curies":[{"name":"wp","href":"https:\/\/api.w.org\/{rel}","templated":true}]}}