{"id":42055,"date":"2022-04-10T12:54:18","date_gmt":"2022-04-10T15:54:18","guid":{"rendered":"https:\/\/www.portalalerta.com.br\/?p=42055"},"modified":"2022-04-10T12:54:19","modified_gmt":"2022-04-10T15:54:19","slug":"morador-fica-gravemente-ferido-apos-incendio-em-residencia-em-olindina-ba","status":"publish","type":"post","link":"https:\/\/www.portalalerta.com.br\/index.php\/2022\/04\/10\/morador-fica-gravemente-ferido-apos-incendio-em-residencia-em-olindina-ba\/","title":{"rendered":"Morador fica gravemente ferido ap\u00f3s inc\u00eandio em resid\u00eancia, em Olindina-BA"},"content":{"rendered":"\n<p>Um inc\u00eandio ocorrido na Rua Duque de Caxias, em Olindina-BA, deixou um morador gravemente ferido, ap\u00f3s ter o corpo queimado, na noite da \u00faltima sexta-feira (08).<\/p>\n\n\n\n<!--more-->\n\n\n\n<div class=\"wp-block-image\"><figure class=\"alignleft size-large is-resized\"><img fetchpriority=\"high\" decoding=\"async\" src=\"https:\/\/www.portalalerta.com.br\/wp-content\/uploads\/2022\/03\/Real-Calcados-Estilo-e-Moda-para-Voce-1024x459.jpeg\" alt=\"\" class=\"wp-image-41407\" width=\"383\" height=\"171\"\/><\/figure><\/div>\n\n\n\n<p>De acordo com informa\u00e7\u00f5es, o homem cuja identidade n\u00e3o foi divulgada, foi socorrido por uma equipe do Servi\u00e7o de Atendimento M\u00f3vel de Urg\u00eancia (SAMU), por\u00e9m o seu quadro cl\u00ednico n\u00e3o foi divulgado.<\/p>\n\n\n\n<p>Policiais militares estiveram no local, onde apagaram as chamas com o aux\u00edlio de um carro-pipa.<\/p>\n\n\n\n<p><em>Reda\u00e7\u00e3o: Portal Alerta<\/em><\/p>\n","protected":false},"excerpt":{"rendered":"<p>Um inc\u00eandio ocorrido na Rua Duque de Caxias, em Olindina-BA, deixou um morador gravemente ferido, ap\u00f3s ter o corpo queimado, na noite da \u00faltima sexta-feira (08).<\/p>\n","protected":false},"author":2,"featured_media":42056,"comment_status":"open","ping_status":"open","sticky":false,"template":"","format":"standard","meta":{"om_disable_all_campaigns":false,"_monsterinsights_skip_tracking":false,"_monsterinsights_sitenote_active":false,"_monsterinsights_sitenote_note":"","_monsterinsights_sitenote_category":0,"footnotes":""},"categories":[70,69,15,32,22],"tags":[299,593,120],"class_list":["post-42055","post","type-post","status-publish","format-standard","has-post-thumbnail","hentry","category-destaques","category-noticias2","category-olindina","category-regiao","category-seguranca","tag-ferido","tag-incendio","tag-olindina"],"aioseo_notices":[],"_links":{"self":[{"href":"https:\/\/www.portalalerta.com.br\/index.php\/wp-json\/wp\/v2\/posts\/42055","targetHints":{"allow":["GET"]}}],"collection":[{"href":"https:\/\/www.portalalerta.com.br\/index.php\/wp-json\/wp\/v2\/posts"}],"about":[{"href":"https:\/\/www.portalalerta.com.br\/index.php\/wp-json\/wp\/v2\/types\/post"}],"author":[{"embeddable":true,"href":"https:\/\/www.portalalerta.com.br\/index.php\/wp-json\/wp\/v2\/users\/2"}],"replies":[{"embeddable":true,"href":"https:\/\/www.portalalerta.com.br\/index.php\/wp-json\/wp\/v2\/comments?post=42055"}],"version-history":[{"count":1,"href":"https:\/\/www.portalalerta.com.br\/index.php\/wp-json\/wp\/v2\/posts\/42055\/revisions"}],"predecessor-version":[{"id":42057,"href":"https:\/\/www.portalalerta.com.br\/index.php\/wp-json\/wp\/v2\/posts\/42055\/revisions\/42057"}],"wp:featuredmedia":[{"embeddable":true,"href":"https:\/\/www.portalalerta.com.br\/index.php\/wp-json\/wp\/v2\/media\/42056"}],"wp:attachment":[{"href":"https:\/\/www.portalalerta.com.br\/index.php\/wp-json\/wp\/v2\/media?parent=42055"}],"wp:term":[{"taxonomy":"category","embeddable":true,"href":"https:\/\/www.portalalerta.com.br\/index.php\/wp-json\/wp\/v2\/categories?post=42055"},{"taxonomy":"post_tag","embeddable":true,"href":"https:\/\/www.portalalerta.com.br\/index.php\/wp-json\/wp\/v2\/tags?post=42055"}],"curies":[{"name":"wp","href":"https:\/\/api.w.org\/{rel}","templated":true}]}}