{"id":42084,"date":"2022-04-11T11:33:00","date_gmt":"2022-04-11T14:33:00","guid":{"rendered":"https:\/\/www.portalalerta.com.br\/?p=42084"},"modified":"2022-04-10T21:41:03","modified_gmt":"2022-04-11T00:41:03","slug":"prefeito-de-tucano-ba-torna-facultativo-o-uso-de-mascaras-faciais-no-comercio-e-orgaos-publicos","status":"publish","type":"post","link":"https:\/\/www.portalalerta.com.br\/index.php\/2022\/04\/11\/prefeito-de-tucano-ba-torna-facultativo-o-uso-de-mascaras-faciais-no-comercio-e-orgaos-publicos\/","title":{"rendered":"Prefeito de Tucano-BA torna facultativo o uso de m\u00e1scaras faciais no com\u00e9rcio e \u00f3rg\u00e3os p\u00fablicos"},"content":{"rendered":"\n<p>O Prefeito de Tucano-BA, Ricardo Maia Filho, tornou facultativo o uso de m\u00e1scaras faciais em com\u00e9rcios e \u00f3rg\u00e3o&nbsp;p\u00fablico.&nbsp;<\/p>\n\n\n\n<!--more-->\n\n\n\n<div class=\"wp-block-image\"><figure class=\"alignleft size-full is-resized\"><img fetchpriority=\"high\" decoding=\"async\" src=\"https:\/\/www.portalalerta.com.br\/wp-content\/uploads\/2021\/04\/ELAB.jpg\" alt=\"\" class=\"wp-image-34795\" width=\"421\" height=\"336\" srcset=\"https:\/\/www.portalalerta.com.br\/wp-content\/uploads\/2021\/04\/ELAB.jpg 1000w, https:\/\/www.portalalerta.com.br\/wp-content\/uploads\/2021\/04\/ELAB-300x240.jpg 300w, https:\/\/www.portalalerta.com.br\/wp-content\/uploads\/2021\/04\/ELAB-768x614.jpg 768w, https:\/\/www.portalalerta.com.br\/wp-content\/uploads\/2021\/04\/ELAB-183x146.jpg 183w, https:\/\/www.portalalerta.com.br\/wp-content\/uploads\/2021\/04\/ELAB-50x40.jpg 50w, https:\/\/www.portalalerta.com.br\/wp-content\/uploads\/2021\/04\/ELAB-94x75.jpg 94w\" sizes=\"(max-width: 421px) 100vw, 421px\" \/><\/figure><\/div>\n\n\n\n<p>O Decreto&nbsp;N\u00ba 056, DE 08 DE ABRIL DE 2022 institui no Munic\u00edpio de Tucano-BA, novas medidas para enfrentamento \u00e0 pandemia causada pelo Coronav\u00edrus (COVID-19) e d\u00e1 outras provid\u00eancias.&nbsp;<\/p>\n\n\n\n<p><strong><em>Art. 1\u00ba -Fica facultado o uso de m\u00e1scaras faciais para o acesso e a perman\u00eancia de indiv\u00edduos nas depend\u00eancias de estabelecimentos comerciais e de presta\u00e7\u00e3o de servi\u00e7os, bem como a quaisquer pr\u00e9dios p\u00fablicos, nos quais se situem \u00f3rg\u00e3os, entidades e unidades administrativas municipais, respeitado o distanciamento social adequado e os protocolos sanit\u00e1rios estabelecidos.<\/em><\/strong><\/p>\n\n\n\n<p>Confira <strong><a href=\"file:\/\/\/C:\/Users\/kuiz\/Downloads\/DECRETO%20N\u00c2\u00ba%20056-%20Instituiu%20Novas%20Medidas%20de%20Enfrentamento%20ao%20Covid%2019-Uso%20Facultativo%20de%20Ma\u00cc\u0081scaras%20Faciais.pdf\">AQUI<\/a><\/strong> o Decreto na \u00edntegra!<\/p>\n\n\n\n<p><em>Fonte: Tribuna do Sisal<\/em><\/p>\n","protected":false},"excerpt":{"rendered":"<p>O Prefeito de Tucano-BA, Ricardo Maia Filho, tornou facultativo o uso de m\u00e1scaras faciais em com\u00e9rcios e \u00f3rg\u00e3o&nbsp;p\u00fablico.&nbsp;<\/p>\n","protected":false},"author":2,"featured_media":42085,"comment_status":"open","ping_status":"open","sticky":false,"template":"","format":"standard","meta":{"om_disable_all_campaigns":false,"_monsterinsights_skip_tracking":false,"_monsterinsights_sitenote_active":false,"_monsterinsights_sitenote_note":"","_monsterinsights_sitenote_category":0,"footnotes":""},"categories":[70,69,21,32,19,12],"tags":[3429,3486,2991,3536,198,145,61,190],"class_list":["post-42084","post","type-post","status-publish","format-standard","has-post-thumbnail","hentry","category-destaques","category-noticias2","category-politica","category-regiao","category-saude","category-tucano","tag-coronavirus","tag-covid-19","tag-decreto-municipal","tag-mascaras-de-protecao","tag-prefeito","tag-prefeitura","tag-saude","tag-tucano"],"aioseo_notices":[],"_links":{"self":[{"href":"https:\/\/www.portalalerta.com.br\/index.php\/wp-json\/wp\/v2\/posts\/42084","targetHints":{"allow":["GET"]}}],"collection":[{"href":"https:\/\/www.portalalerta.com.br\/index.php\/wp-json\/wp\/v2\/posts"}],"about":[{"href":"https:\/\/www.portalalerta.com.br\/index.php\/wp-json\/wp\/v2\/types\/post"}],"author":[{"embeddable":true,"href":"https:\/\/www.portalalerta.com.br\/index.php\/wp-json\/wp\/v2\/users\/2"}],"replies":[{"embeddable":true,"href":"https:\/\/www.portalalerta.com.br\/index.php\/wp-json\/wp\/v2\/comments?post=42084"}],"version-history":[{"count":1,"href":"https:\/\/www.portalalerta.com.br\/index.php\/wp-json\/wp\/v2\/posts\/42084\/revisions"}],"predecessor-version":[{"id":42086,"href":"https:\/\/www.portalalerta.com.br\/index.php\/wp-json\/wp\/v2\/posts\/42084\/revisions\/42086"}],"wp:featuredmedia":[{"embeddable":true,"href":"https:\/\/www.portalalerta.com.br\/index.php\/wp-json\/wp\/v2\/media\/42085"}],"wp:attachment":[{"href":"https:\/\/www.portalalerta.com.br\/index.php\/wp-json\/wp\/v2\/media?parent=42084"}],"wp:term":[{"taxonomy":"category","embeddable":true,"href":"https:\/\/www.portalalerta.com.br\/index.php\/wp-json\/wp\/v2\/categories?post=42084"},{"taxonomy":"post_tag","embeddable":true,"href":"https:\/\/www.portalalerta.com.br\/index.php\/wp-json\/wp\/v2\/tags?post=42084"}],"curies":[{"name":"wp","href":"https:\/\/api.w.org\/{rel}","templated":true}]}}