{"id":42283,"date":"2022-04-22T17:46:00","date_gmt":"2022-04-22T20:46:00","guid":{"rendered":"https:\/\/www.portalalerta.com.br\/?p=42283"},"modified":"2022-04-22T17:46:01","modified_gmt":"2022-04-22T20:46:01","slug":"daniel-silveira-graca-constitucional-pode-ser-questionada-por-stf","status":"publish","type":"post","link":"https:\/\/www.portalalerta.com.br\/index.php\/2022\/04\/22\/daniel-silveira-graca-constitucional-pode-ser-questionada-por-stf\/","title":{"rendered":"Daniel Silveira: Gra\u00e7a constitucional pode ser questionada por STF"},"content":{"rendered":"\n<p>O presidente Jair Bolsonaro (PL) concedeu nesta quinta-feira (21)\u00a0a gra\u00e7a constitucional ao deputado Daniel Silveira (PTB-RJ), anulando a pena decretada pelo STF (Supremo Tribunal Federal) na quarta-feira (20) por declara\u00e7\u00f5es contra os ministros da Corte. No entanto, o ato pode ser questionado pelo STF, segundo especialistas. <\/p>\n\n\n\n<!--more-->\n\n\n\n<p>Alguns especialistas apontam como &#8220;inconstitucional&#8221; ou &#8220;ilegal&#8221; o ato do presidente.<\/p>\n\n\n\n<p>Al\u00e9m disso, juristas, advogados, professores e especialistas em direito afirmaram que \u00e9 pass\u00edvel de questionamento e dever\u00e1 ser analisado pelo Supremo Tribunal Federal o decreto anunciado pelo presidente Jair Bolsonaro nesta quinta-feira (21) para favorecer o deputado aliado Daniel Silveira (PTB-RJ).<\/p>\n\n\n\n<p>Em live nesta quinta-feira, o presidente comentou o decreto e afirmou que o mesmo ser\u00e1 cumprido, porque \u00e9 <strong><em>\u201cconstitucional\u201d<\/em><\/strong>. Segundo Bolsonaro, a medida pode ser um <strong><em>\u201cmarco para todos n\u00f3s\u201d<\/em><\/strong>.<\/p>\n\n\n\n<div class=\"wp-block-image\"><figure class=\"alignleft size-full is-resized\"><img fetchpriority=\"high\" decoding=\"async\" src=\"https:\/\/www.portalalerta.com.br\/wp-content\/uploads\/2021\/04\/ELAB.jpg\" alt=\"\" class=\"wp-image-34795\" width=\"395\" height=\"315\" srcset=\"https:\/\/www.portalalerta.com.br\/wp-content\/uploads\/2021\/04\/ELAB.jpg 1000w, https:\/\/www.portalalerta.com.br\/wp-content\/uploads\/2021\/04\/ELAB-300x240.jpg 300w, https:\/\/www.portalalerta.com.br\/wp-content\/uploads\/2021\/04\/ELAB-768x614.jpg 768w, https:\/\/www.portalalerta.com.br\/wp-content\/uploads\/2021\/04\/ELAB-183x146.jpg 183w, https:\/\/www.portalalerta.com.br\/wp-content\/uploads\/2021\/04\/ELAB-50x40.jpg 50w, https:\/\/www.portalalerta.com.br\/wp-content\/uploads\/2021\/04\/ELAB-94x75.jpg 94w\" sizes=\"(max-width: 395px) 100vw, 395px\" \/><\/figure><\/div>\n\n\n\n<p>Por est\u00edmulo a atos antidemocr\u00e1ticos e ataques a ministros do tribunal e a institui\u00e7\u00f5es, o STF condenou Silveira a oito anos e nove meses de pris\u00e3o em regime fechado, al\u00e9m de perda do mandato e dos direitos pol\u00edticos e multa de cerca de R$ 200 mil.<\/p>\n\n\n\n<p>Em transmiss\u00e3o por rede social, Bolsonaro anunciou a concess\u00e3o de perd\u00e3o ao deputado.<\/p>\n\n\n\n<p>No entanto, a Ordem dos Advogados do Brasil (OAB) informou em nota que o presidente Beto Simonetti solicitou \u00e0 Comiss\u00e3o Nacional de Estudos Constitucionais da entidade uma an\u00e1lise urgente do caso para orientar eventual a\u00e7\u00e3o judicial.<\/p>\n\n\n\n<p><strong><em>&#8220;Assim que estiver conclu\u00eddo, o parecer da Comiss\u00e3o ser\u00e1 submetido, imediatamente, para delibera\u00e7\u00e3o do plen\u00e1rio da OAB, \u00f3rg\u00e3o m\u00e1ximo de delibera\u00e7\u00e3o da institui\u00e7\u00e3o, em sess\u00e3o extraordin\u00e1ria&#8221;,<\/em><\/strong> afirmou Simonetti.<\/p>\n\n\n\n<p>De acordo com ele, <strong><em>&#8220;o descumprimento de decis\u00f5es judiciais \u00e9 extremamente preocupante para a estabilidade do Estado de Direito. O di\u00e1logo institucional e o respeito ao princ\u00edpio da separa\u00e7\u00e3o entre os Poderes devem orientar o enfrentamento de desafios como o que se apresenta&#8221;<\/em><\/strong>.<\/p>\n\n\n\n<p>J\u00e1 para Breno Melaragno, professor de Direito Penal da Pontif\u00edcia Universidade Cat\u00f3lica do Rio de Janeiro (PUC-RJ), o decreto &#8220;aparentemente&#8221; cumpre a exig\u00eancia constitucional.<\/p>\n\n\n\n<p><strong><em>&#8220;N\u00e3o vou dizer que \u00e9 in\u00e9dito, mas \u00e9 algo muito raro no Brasil. Ele equivale ao instituto da clem\u00eancia, que existem em alguns outros pa\u00edses, sendo atribui\u00e7\u00e3o ao chefe de estado, e esse questionamento pode haver perante o Supremo Tribunal Federal principalmente em rela\u00e7\u00e3o ao eventual desvio de fun\u00e7\u00e3o\u201d<\/em><\/strong>, declarou.<\/p>\n\n\n\n<p>Para ele, o Supremo dever\u00e1 analisar o decreto provocado, mas, afirmou, nada impede uma decis\u00e3o por iniciativa pr\u00f3pria.<\/p>\n\n\n\n<p><strong><em>&#8220;Nada impede uma decis\u00e3o que a gente chama de of\u00edcio, mas eu penso que, diante de um caso desses, um decreto de gra\u00e7a, de perd\u00e3o individual, eu acho, a princ\u00edpio um pouco dif\u00edcil o Supremo agir de of\u00edcio. Acho que ele vai acabar sendo provocado para decidir se pronunciar em rela\u00e7\u00e3o a isso&#8221;<\/em><\/strong>, afirmou.<\/p>\n\n\n\n<p>O especialista, Vidal Serrano Nunes J\u00fanior, professor de direito constitucional da Pontif\u00edcia Universidade Cat\u00f3lica de S\u00e3o Paulo (PUC-SP), disse que a chamada &#8220;gra\u00e7a individual&#8221; costuma ser concedida para fins humanit\u00e1rios, em uma situa\u00e7\u00e3o espec\u00edfica que justifique.<\/p>\n\n\n\n<p><strong><em>&#8220;N\u00e3o havendo fundamenta\u00e7\u00e3o adequada, ele pode, sim, ser questionado. Ent\u00e3o, eu acho que esse indulto individual, na medida em que se pretende a inova\u00e7\u00e3o de uma decis\u00e3o do Supremo Tribunal Federal, ele pode, sim, ser entendido como um ato administrativo executado com desvio de finalidade e, com isso, eventualmente, se expor eventualmente no pr\u00f3prio Supremo Tribunal Federal&#8221;<\/em><\/strong>, afirmou.<\/p>\n\n\n\n<p>Conrado Gontijo, advogado criminalista e doutor em direito penal pela Universidade de S\u00e3o Paulo (USP), a medida tomada por Bolsonaro \u00e9 &#8220;flagrantemente inconstitucional&#8221;.<\/p>\n\n\n\n<p><strong><em>&#8220;Trata-se de grave afronta ao Supremo Tribunal Federal, que, com absoluto acerto t\u00e9cnico, condenou Daniel Silveira pela pr\u00e1tica de crimes graves. Ainda que o presidente da Rep\u00fablica tenha a prerrogativa de conceder gra\u00e7a, n\u00e3o pode faz\u00ea-lo de forma abusiva, deturpando a l\u00f3gica que justificou a cria\u00e7\u00e3o desse instituto. E, no caso concreto, o que se nota \u00e9 Jair Bolsonaro, mais uma vez, atacando as institui\u00e7\u00f5es, atacando a democracia e tomando uma decis\u00e3o manifestamente incompat\u00edvel com o Estado de Direito&#8221;<\/em><\/strong>, afirmou.<\/p>\n\n\n\n<p><em>Fonte: Yahoo Not\u00edcias<\/em><\/p>\n","protected":false},"excerpt":{"rendered":"<p>O presidente Jair Bolsonaro (PL) concedeu nesta quinta-feira (21)\u00a0a gra\u00e7a constitucional ao deputado Daniel Silveira (PTB-RJ), anulando a pena decretada pelo STF (Supremo Tribunal Federal) na quarta-feira (20) por declara\u00e7\u00f5es contra os ministros da Corte. No entanto, o ato pode ser questionado pelo STF, segundo especialistas.<\/p>\n","protected":false},"author":2,"featured_media":33086,"comment_status":"open","ping_status":"open","sticky":false,"template":"","format":"standard","meta":{"om_disable_all_campaigns":false,"_monsterinsights_skip_tracking":false,"_monsterinsights_sitenote_active":false,"_monsterinsights_sitenote_note":"","_monsterinsights_sitenote_category":0,"footnotes":""},"categories":[34,70,69,21],"tags":[93,644,316,4253,215,5384,199,1152,174,216],"class_list":["post-42283","post","type-post","status-publish","format-standard","has-post-thumbnail","hentry","category-brasil","category-destaques","category-noticias2","category-politica","tag-brasil","tag-cassacao","tag-condenacao","tag-daniel-silveira","tag-deputado-federal","tag-graca","tag-politica","tag-presidente-da-republica","tag-prisao","tag-stf"],"aioseo_notices":[],"_links":{"self":[{"href":"https:\/\/www.portalalerta.com.br\/index.php\/wp-json\/wp\/v2\/posts\/42283","targetHints":{"allow":["GET"]}}],"collection":[{"href":"https:\/\/www.portalalerta.com.br\/index.php\/wp-json\/wp\/v2\/posts"}],"about":[{"href":"https:\/\/www.portalalerta.com.br\/index.php\/wp-json\/wp\/v2\/types\/post"}],"author":[{"embeddable":true,"href":"https:\/\/www.portalalerta.com.br\/index.php\/wp-json\/wp\/v2\/users\/2"}],"replies":[{"embeddable":true,"href":"https:\/\/www.portalalerta.com.br\/index.php\/wp-json\/wp\/v2\/comments?post=42283"}],"version-history":[{"count":1,"href":"https:\/\/www.portalalerta.com.br\/index.php\/wp-json\/wp\/v2\/posts\/42283\/revisions"}],"predecessor-version":[{"id":42284,"href":"https:\/\/www.portalalerta.com.br\/index.php\/wp-json\/wp\/v2\/posts\/42283\/revisions\/42284"}],"wp:featuredmedia":[{"embeddable":true,"href":"https:\/\/www.portalalerta.com.br\/index.php\/wp-json\/wp\/v2\/media\/33086"}],"wp:attachment":[{"href":"https:\/\/www.portalalerta.com.br\/index.php\/wp-json\/wp\/v2\/media?parent=42283"}],"wp:term":[{"taxonomy":"category","embeddable":true,"href":"https:\/\/www.portalalerta.com.br\/index.php\/wp-json\/wp\/v2\/categories?post=42283"},{"taxonomy":"post_tag","embeddable":true,"href":"https:\/\/www.portalalerta.com.br\/index.php\/wp-json\/wp\/v2\/tags?post=42283"}],"curies":[{"name":"wp","href":"https:\/\/api.w.org\/{rel}","templated":true}]}}