{"id":42285,"date":"2022-04-22T17:53:42","date_gmt":"2022-04-22T20:53:42","guid":{"rendered":"https:\/\/www.portalalerta.com.br\/?p=42285"},"modified":"2022-04-22T17:53:43","modified_gmt":"2022-04-22T20:53:43","slug":"acm-neto-entre-grilos-e-pardais-em-ribeira-do-pombal-ba","status":"publish","type":"post","link":"https:\/\/www.portalalerta.com.br\/index.php\/2022\/04\/22\/acm-neto-entre-grilos-e-pardais-em-ribeira-do-pombal-ba\/","title":{"rendered":"ACM Neto entre Grilos e Pardais em Ribeira do Pombal-BA"},"content":{"rendered":"\n<p>A vinda de ACM Neto em Ribeira do Pombal-BA, marcada para o dia 07 de maio, tem causado muito desentendimento no grupo de Oposi\u00e7\u00e3o local. Isso porque h\u00e1 um racha entre o Grupo Pardal, que apoia Ant\u00f4nio Brito para Federal e Marcinho Oliveira pra Estadual, e o Grupo Grilo, que tem Nay Grilo como pr\u00e9-candidata a Deputada Federal e Ludymila como pr\u00e9-candidata a Deputada Estadual.&nbsp;<\/p>\n\n\n\n<!--more-->\n\n\n\n<p>O Grupo do Grilo diz que ACM Neto vem para o lan\u00e7amento da Candidatura de Nay Grilo. J\u00e1 o Grupo Pardal afirma ser o anfitri\u00e3o de Neto e que o Grupo Grilo quer pegar uma ponga no evento.<\/p>\n\n\n\n<div class=\"wp-block-image\"><figure class=\"aligncenter size-full\"><img fetchpriority=\"high\" decoding=\"async\" width=\"720\" height=\"181\" src=\"https:\/\/www.portalalerta.com.br\/wp-content\/uploads\/2018\/02\/Auto-Escola-Nobre.jpg\" alt=\"\" class=\"wp-image-4869\" srcset=\"https:\/\/www.portalalerta.com.br\/wp-content\/uploads\/2018\/02\/Auto-Escola-Nobre.jpg 720w, https:\/\/www.portalalerta.com.br\/wp-content\/uploads\/2018\/02\/Auto-Escola-Nobre-260x65.jpg 260w, https:\/\/www.portalalerta.com.br\/wp-content\/uploads\/2018\/02\/Auto-Escola-Nobre-50x13.jpg 50w, https:\/\/www.portalalerta.com.br\/wp-content\/uploads\/2018\/02\/Auto-Escola-Nobre-150x38.jpg 150w\" sizes=\"(max-width: 720px) 100vw, 720px\" \/><\/figure><\/div>\n\n\n\n<p>Diante do impasse, h\u00e1 3 possibilidades: <strong>Neto vir a dois palanques diferentes; vir a palanque \u00fanico sem lan\u00e7amento da candidatura de Nay Grilo; e. ainda, diante de toda confus\u00e3o, n\u00e3o pisar os p\u00e9s em Pombal na data anunciada<\/strong>.<\/p>\n\n\n\n<p>Fato \u00e9 que j\u00e1 existe uma verdadeira queda de bra\u00e7o dentro da oposi\u00e7\u00e3o pombalense, iniciada pouco depois do pleito de 2020, tudo com vistas a definir quem ser\u00e1 o l\u00edder da Oposi\u00e7\u00e3o nas elei\u00e7\u00f5es de 2024.<\/p>\n\n\n\n<p>Enquanto isso, o atual prefeito nada de bra\u00e7ada na pol\u00edtica pombalense junto com Ricardo Maia para Federal e Rog\u00e9rio Andrade Estadual.<\/p>\n\n\n\n<p><em>Fonte: Montenius<\/em><\/p>\n","protected":false},"excerpt":{"rendered":"<p>A vinda de ACM Neto em Ribeira do Pombal-BA, marcada para o dia 07 de maio, tem causado muito desentendimento no grupo de Oposi\u00e7\u00e3o local. Isso porque h\u00e1 um racha entre o Grupo Pardal, que apoia Ant\u00f4nio Brito para Federal e Marcinho Oliveira pra Estadual, e o Grupo Grilo, que tem Nay Grilo como pr\u00e9-candidata &hellip;<\/p>\n","protected":false},"author":2,"featured_media":8351,"comment_status":"open","ping_status":"open","sticky":false,"template":"","format":"standard","meta":{"om_disable_all_campaigns":false,"_monsterinsights_skip_tracking":false,"_monsterinsights_sitenote_active":false,"_monsterinsights_sitenote_note":"","_monsterinsights_sitenote_category":0,"footnotes":""},"categories":[70,69,21,32,3],"tags":[722,5204,3934,47],"class_list":["post-42285","post","type-post","status-publish","format-standard","has-post-thumbnail","hentry","category-destaques","category-noticias2","category-politica","category-regiao","category-ribeira-do-pombal","tag-acm-neto","tag-breno-calasans","tag-nay-grilo","tag-ribeira-do-pombal"],"aioseo_notices":[],"_links":{"self":[{"href":"https:\/\/www.portalalerta.com.br\/index.php\/wp-json\/wp\/v2\/posts\/42285","targetHints":{"allow":["GET"]}}],"collection":[{"href":"https:\/\/www.portalalerta.com.br\/index.php\/wp-json\/wp\/v2\/posts"}],"about":[{"href":"https:\/\/www.portalalerta.com.br\/index.php\/wp-json\/wp\/v2\/types\/post"}],"author":[{"embeddable":true,"href":"https:\/\/www.portalalerta.com.br\/index.php\/wp-json\/wp\/v2\/users\/2"}],"replies":[{"embeddable":true,"href":"https:\/\/www.portalalerta.com.br\/index.php\/wp-json\/wp\/v2\/comments?post=42285"}],"version-history":[{"count":1,"href":"https:\/\/www.portalalerta.com.br\/index.php\/wp-json\/wp\/v2\/posts\/42285\/revisions"}],"predecessor-version":[{"id":42286,"href":"https:\/\/www.portalalerta.com.br\/index.php\/wp-json\/wp\/v2\/posts\/42285\/revisions\/42286"}],"wp:featuredmedia":[{"embeddable":true,"href":"https:\/\/www.portalalerta.com.br\/index.php\/wp-json\/wp\/v2\/media\/8351"}],"wp:attachment":[{"href":"https:\/\/www.portalalerta.com.br\/index.php\/wp-json\/wp\/v2\/media?parent=42285"}],"wp:term":[{"taxonomy":"category","embeddable":true,"href":"https:\/\/www.portalalerta.com.br\/index.php\/wp-json\/wp\/v2\/categories?post=42285"},{"taxonomy":"post_tag","embeddable":true,"href":"https:\/\/www.portalalerta.com.br\/index.php\/wp-json\/wp\/v2\/tags?post=42285"}],"curies":[{"name":"wp","href":"https:\/\/api.w.org\/{rel}","templated":true}]}}