{"id":42287,"date":"2022-04-22T21:24:26","date_gmt":"2022-04-23T00:24:26","guid":{"rendered":"https:\/\/www.portalalerta.com.br\/?p=42287"},"modified":"2022-04-22T21:24:27","modified_gmt":"2022-04-23T00:24:27","slug":"governo-anuncia-publicacao-de-edital-de-concurso-com-mil-vagas-para-a-policia-civil","status":"publish","type":"post","link":"https:\/\/www.portalalerta.com.br\/index.php\/2022\/04\/22\/governo-anuncia-publicacao-de-edital-de-concurso-com-mil-vagas-para-a-policia-civil\/","title":{"rendered":"Governo anuncia publica\u00e7\u00e3o de edital de concurso com mil vagas para a Pol\u00edcia Civil"},"content":{"rendered":"\n<p>O Governo da Bahia anunciou que ser\u00e1 publicado no Di\u00e1rio Oficial do Estado (DOE), edi\u00e7\u00e3o de quinta-feira (21), o edital de abertura de inscri\u00e7\u00f5es para mil vagas efetivas na Pol\u00edcia Civil da Bahia. S\u00e3o 150 para o cargo de delegado, 150 para escriv\u00e3o e 700 para investigador. O governador Rui Costa anunciou a novidade em uma publica\u00e7\u00e3o nas redes sociais.<\/p>\n\n\n\n<!--more-->\n\n\n\n<p><strong><em>\u201cLan\u00e7amos, nesta quinta, mais um edital de concurso para a Pol\u00edcia Civil. Ser\u00e3o mil vagas para delegados, escriv\u00e3es e investigadores que ir\u00e3o trabalhar nas novas delegacias que estamos construindo e reformando\u201d,<\/em><\/strong> disse Rui Costa. Com validade de um ano, prorrog\u00e1vel por igual per\u00edodo, o certame ser\u00e1 organizado pelo Instituto Brasileiro de Forma\u00e7\u00e3o e Capacita\u00e7\u00e3o (IBFC), em parceria com a Secretaria da Administra\u00e7\u00e3o (Saeb) e Pol\u00edcia Civil.<\/p>\n\n\n\n<div class=\"wp-block-image\"><figure class=\"alignleft size-large is-resized\"><img fetchpriority=\"high\" decoding=\"async\" src=\"https:\/\/www.portalalerta.com.br\/wp-content\/uploads\/2022\/03\/Real-Calcados-Estilo-e-Moda-para-Voce-1024x459.jpeg\" alt=\"\" class=\"wp-image-41407\" width=\"391\" height=\"175\"\/><\/figure><\/div>\n\n\n\n<p>As inscri\u00e7\u00f5es ser\u00e3o realizadas pelo\u00a0<a rel=\"noreferrer noopener\" href=\"https:\/\/www.ibfc.org.br\/\" target=\"_blank\">site<\/a>, entre as 10h do dia 9 de maio e as 23h do dia 7 de junho. O valor da taxa varia de acordo com o cargo pretendido pelo candidato: R$ 140 para escriv\u00e3o e Investigador, e R$ 160, para delegado. Do total de vagas ofertadas, 5% ser\u00e3o reservadas a pessoas com defici\u00eancia e 30% para candidatos que se autodeclararem negros.<br><br>Para ingresso na carreira de delegado, \u00e9 exigido diploma de bacharel em Direito. Para os candidatos aos cargos de escriv\u00e3o e Investigador, \u00e9 necess\u00e1rio possuir diploma de conclus\u00e3o de curso superior em qualquer \u00e1rea de conhecimento, al\u00e9m da Carteira Nacional de Habilita\u00e7\u00e3o (CNH), categoria B, no m\u00ednimo, para os investigadores.<br><br>Em todos os casos, o diploma do candidato deve ter reconhecimento do Minist\u00e9rio da Educa\u00e7\u00e3o (MEC) e a carga hor\u00e1ria de trabalho semanal \u00e9 de 40 horas. O certame ser\u00e1 realizado em Salvador, no dia 24 de julho deste ano e, por causa da pandemia da Covid-19, a aplica\u00e7\u00e3o das provas seguir\u00e1 crit\u00e9rios de seguran\u00e7a sanit\u00e1ria. O n\u00e3o cumprimento destes pelo candidato implicar\u00e1 na sua retirada do local de provas e exclus\u00e3o do concurso p\u00fablico.<br><br>O resultado final do concurso e de todas as suas etapas e informa\u00e7\u00f5es complementares, ser\u00e3o divulgados no site oficial do\u00a0<a rel=\"noreferrer noopener\" href=\"https:\/\/www.ibfc.org.br\/\" target=\"_blank\">IBFC<\/a>\u00a0e no\u00a0<a rel=\"noreferrer noopener\" href=\"http:\/\/www.portaldoservidor.ba.gov.br\/\" target=\"_blank\">Portal do Servidor<\/a>. Ap\u00f3s a homologa\u00e7\u00e3o, a Pol\u00edcia Civil vai convocar os candidatos aprovados para realiza\u00e7\u00e3o de exames pr\u00e9-admissionais e da investiga\u00e7\u00e3o social e do curso de forma\u00e7\u00e3o, como indicado em edital. Aqueles que estiverem aptos ser\u00e3o convocados para o curso de forma\u00e7\u00e3o, promovido pela Pol\u00edcia Civil.<\/p>\n\n\n\n<p><em>Fonte: Cleriston Silva<\/em><\/p>\n","protected":false},"excerpt":{"rendered":"<p>O Governo da Bahia anunciou que ser\u00e1 publicado no Di\u00e1rio Oficial do Estado (DOE), edi\u00e7\u00e3o de quinta-feira (21), o edital de abertura de inscri\u00e7\u00f5es para mil vagas efetivas na Pol\u00edcia Civil da Bahia. S\u00e3o 150 para o cargo de delegado, 150 para escriv\u00e3o e 700 para investigador. O governador Rui Costa anunciou a novidade em &hellip;<\/p>\n","protected":false},"author":2,"featured_media":3434,"comment_status":"open","ping_status":"open","sticky":false,"template":"","format":"standard","meta":{"om_disable_all_campaigns":false,"_monsterinsights_skip_tracking":false,"_monsterinsights_sitenote_active":false,"_monsterinsights_sitenote_note":"","_monsterinsights_sitenote_category":0,"footnotes":""},"categories":[33,70,69,22],"tags":[54,3034,395,912,1988,122],"class_list":["post-42287","post","type-post","status-publish","format-standard","has-post-thumbnail","hentry","category-bahia","category-destaques","category-noticias2","category-seguranca","tag-bahia","tag-concurso-publico","tag-delegado","tag-governo-da-bahia","tag-governo-do-estado","tag-policia-civil"],"aioseo_notices":[],"_links":{"self":[{"href":"https:\/\/www.portalalerta.com.br\/index.php\/wp-json\/wp\/v2\/posts\/42287","targetHints":{"allow":["GET"]}}],"collection":[{"href":"https:\/\/www.portalalerta.com.br\/index.php\/wp-json\/wp\/v2\/posts"}],"about":[{"href":"https:\/\/www.portalalerta.com.br\/index.php\/wp-json\/wp\/v2\/types\/post"}],"author":[{"embeddable":true,"href":"https:\/\/www.portalalerta.com.br\/index.php\/wp-json\/wp\/v2\/users\/2"}],"replies":[{"embeddable":true,"href":"https:\/\/www.portalalerta.com.br\/index.php\/wp-json\/wp\/v2\/comments?post=42287"}],"version-history":[{"count":1,"href":"https:\/\/www.portalalerta.com.br\/index.php\/wp-json\/wp\/v2\/posts\/42287\/revisions"}],"predecessor-version":[{"id":42288,"href":"https:\/\/www.portalalerta.com.br\/index.php\/wp-json\/wp\/v2\/posts\/42287\/revisions\/42288"}],"wp:featuredmedia":[{"embeddable":true,"href":"https:\/\/www.portalalerta.com.br\/index.php\/wp-json\/wp\/v2\/media\/3434"}],"wp:attachment":[{"href":"https:\/\/www.portalalerta.com.br\/index.php\/wp-json\/wp\/v2\/media?parent=42287"}],"wp:term":[{"taxonomy":"category","embeddable":true,"href":"https:\/\/www.portalalerta.com.br\/index.php\/wp-json\/wp\/v2\/categories?post=42287"},{"taxonomy":"post_tag","embeddable":true,"href":"https:\/\/www.portalalerta.com.br\/index.php\/wp-json\/wp\/v2\/tags?post=42287"}],"curies":[{"name":"wp","href":"https:\/\/api.w.org\/{rel}","templated":true}]}}