{"id":42292,"date":"2022-04-22T21:56:22","date_gmt":"2022-04-23T00:56:22","guid":{"rendered":"https:\/\/www.portalalerta.com.br\/?p=42292"},"modified":"2022-04-22T21:56:24","modified_gmt":"2022-04-23T00:56:24","slug":"pesquisa-ipespe-lula-tem-45-bolsonaro-31-ciro-8-doria-3-janones-e-tebet-2","status":"publish","type":"post","link":"https:\/\/www.portalalerta.com.br\/index.php\/2022\/04\/22\/pesquisa-ipespe-lula-tem-45-bolsonaro-31-ciro-8-doria-3-janones-e-tebet-2\/","title":{"rendered":"Pesquisa Ipespe: Lula tem 45%; Bolsonaro, 31%; Ciro, 8%; Doria, 3%; Janones e Tebet, 2%"},"content":{"rendered":"\n<p>Levantamento sobre a elei\u00e7\u00e3o presidencial ouviu por telefone 1.000 eleitores e tem margem de erro de 3,2 pontos percentuais para mais ou para menos<\/p>\n\n\n\n<!--more-->\n\n\n\n<p>Pesquisa Ipespe divulgada nesta sexta-feira (22) mostra o ex-presidente\u00a0Luiz In\u00e1cio Lula da Silva\u00a0(PT) com 45% das inten\u00e7\u00f5es de voto na corrida pelo Pal\u00e1cio do Planalto. O presidente\u00a0Jair Bolsonaro\u00a0(PL) tem 31%. As elei\u00e7\u00f5es est\u00e3o marcadas para 2 de outubro.<\/p>\n\n\n\n<p>Em rela\u00e7\u00e3o \u00e0 \u00faltima pesquisa Ipespe,\u00a0publicada em 6 de abril, tanto Lula quanto Bolsonaro oscilaram um ponto para cima, mudan\u00e7a que est\u00e1 dentro da margem de erro de 3,2 pontos percentuais para mais ou para menos.<\/p>\n\n\n\n<div class=\"wp-block-image\"><figure class=\"alignleft size-full is-resized\"><img fetchpriority=\"high\" decoding=\"async\" src=\"https:\/\/www.portalalerta.com.br\/wp-content\/uploads\/2021\/04\/ELAB.jpg\" alt=\"\" class=\"wp-image-34795\" width=\"404\" height=\"322\" srcset=\"https:\/\/www.portalalerta.com.br\/wp-content\/uploads\/2021\/04\/ELAB.jpg 1000w, https:\/\/www.portalalerta.com.br\/wp-content\/uploads\/2021\/04\/ELAB-300x240.jpg 300w, https:\/\/www.portalalerta.com.br\/wp-content\/uploads\/2021\/04\/ELAB-768x614.jpg 768w, https:\/\/www.portalalerta.com.br\/wp-content\/uploads\/2021\/04\/ELAB-183x146.jpg 183w, https:\/\/www.portalalerta.com.br\/wp-content\/uploads\/2021\/04\/ELAB-50x40.jpg 50w, https:\/\/www.portalalerta.com.br\/wp-content\/uploads\/2021\/04\/ELAB-94x75.jpg 94w\" sizes=\"(max-width: 404px) 100vw, 404px\" \/><\/figure><\/div>\n\n\n\n<p>A seguir aparecem o ex-ministro\u00a0Ciro Gomes\u00a0(PDT), com 8%, e o ex-governador de S\u00e3o Paulo,\u00a0Jo\u00e3o Doria\u00a0(PSDB), com 3%. O deputado federal\u00a0Andr\u00e9 Janones\u00a0(Avante) e a senadora\u00a0Simone Tebet\u00a0(MDB) t\u00eam 2%.<\/p>\n\n\n\n<p>Luiz Felipe d\u2019\u00c1vila\u00a0(Novo),\u00a0Vera L\u00facia\u00a0(PSTU) e\u00a0Eymael\u00a0(DC) n\u00e3o pontuaram na pesquisa.<\/p>\n\n\n\n<p>Votos em branco, nulo, eleitores que dizem que n\u00e3o iriam votar ou que n\u00e3o votariam em nenhum dos candidatos somam 7%. Eleitores que n\u00e3o sabem ou n\u00e3o responderam representam 2% dos entrevistados.<\/p>\n\n\n\n<p>O Ipespe tamb\u00e9m testou cinco cen\u00e1rios para segundo turno. Na sondagem que coloca Lula contra Bolsonaro, o petista tem 54%, contra 34 \u2013 ambos oscilaram um ponto para cima em rela\u00e7\u00e3o \u00e0 \u00faltima pesquisa do instituto, de 6 de abril. Votos em branco, nulo e eleitores indecisos somam 12%.<\/p>\n\n\n\n<p>Foram ouvidas 1.000 pessoas por telefone entre 18 e 20 de abril. A pesquisa, encomendada pela XP Investimentos, foi registrada na Justi\u00e7a Eleitoral com o n\u00famero BR-05747\/2022. A margem de erro m\u00e1ximo estimada \u00e9 de 3,2 pontos percentuais para mais ou para menos, com um intervalo de confian\u00e7a de 95,45%.<\/p>\n\n\n\n<p>Confira os n\u00fameros abaixo.<\/p>\n\n\n\n<p><strong>Primeiro turno<\/strong><\/p>\n\n\n\n<p>Inten\u00e7\u00e3o de voto estimulada para presidente:<\/p>\n\n\n\n<ul class=\"wp-block-list\"><li>Lula (PT) \u2013 45%<\/li><li>Bolsonaro (PL) \u2013 31%<\/li><li>Ciro Gomes (PDT) \u2013 8%<\/li><li>Doria (PSDB) \u2013 3%<\/li><li>Janones (Avante) \u2013 2%<\/li><li>Tebet (MDB) \u2013 2%<\/li><li>Felipe d\u2019\u00c1vila (Novo) \u2013 0%<\/li><li>Vera (PSTU) \u2013 0%<\/li><li>Eymael (DC) \u2013 0%<\/li><li>Branco\/Nulo\/Nenhum\/N\u00e3o iria votar \u2013 7%<\/li><li>N\u00e3o sabe\/n\u00e3o respondeu \u2013 3%<\/li><\/ul>\n\n\n\n<p><strong>Segundo turno<\/strong><\/p>\n\n\n\n<p>Inten\u00e7\u00e3o de voto estimulada para presidente:<\/p>\n\n\n\n<p><strong>Cen\u00e1rio 1<\/strong><\/p>\n\n\n\n<ul class=\"wp-block-list\"><li>Lula \u2013 54%<\/li><li>Bolsonaro \u2013 34%<\/li><li>Branco\/Nulo\/N\u00e3o votaria\/N\u00e3o sabe \u2013 12%<\/li><\/ul>\n\n\n\n<p><strong>Cen\u00e1rio 2<\/strong><\/p>\n\n\n\n<ul class=\"wp-block-list\"><li>Lula \u2013 52%<\/li><li>Ciro Gomes \u2013 24%<\/li><li>Branco\/Nulo\/N\u00e3o votaria\/N\u00e3o sabe \u2013 25%<\/li><\/ul>\n\n\n\n<p><strong>Cen\u00e1rio 3<\/strong><\/p>\n\n\n\n<ul class=\"wp-block-list\"><li>Lula \u2013 55%<\/li><li>Doria \u2013 19%<\/li><li>Branco\/Nulo\/N\u00e3o votaria\/N\u00e3o sabe \u2013 26%<\/li><\/ul>\n\n\n\n<p><strong>Cen\u00e1rio 4<\/strong><\/p>\n\n\n\n<ul class=\"wp-block-list\"><li>Ciro Gomes \u2013 46%<\/li><li>Bolsonaro \u2013 38%<\/li><li>Branco\/Nulo\/N\u00e3o votaria\/N\u00e3o sabe \u2013 16%<\/li><\/ul>\n\n\n\n<p><strong>Cen\u00e1rio 5<\/strong><\/p>\n\n\n\n<ul class=\"wp-block-list\"><li>Bolsonaro \u2013 39%<\/li><li>Doria \u2013 38%<\/li><li>Branco\/Nulo\/N\u00e3o votaria\/N\u00e3o sabe \u2013 23%<\/li><\/ul>\n\n\n\n<p><strong>Elei\u00e7\u00f5es 2022<\/strong><\/p>\n\n\n\n<p>A CNN realizar\u00e1 o primeiro debate presidencial de 2022. O confronto entre os candidatos ser\u00e1 transmitido ao vivo em 6 de agosto, pela TV e por nossas plataformas digitais.<\/p>\n\n\n\n<p><em>Fonte: CNN\/ Brasil<\/em><\/p>\n","protected":false},"excerpt":{"rendered":"<p>Levantamento sobre a elei\u00e7\u00e3o presidencial ouviu por telefone 1.000 eleitores e tem margem de erro de 3,2 pontos percentuais para mais ou para menos<\/p>\n","protected":false},"author":2,"featured_media":42293,"comment_status":"open","ping_status":"open","sticky":false,"template":"","format":"standard","meta":{"om_disable_all_campaigns":false,"_monsterinsights_skip_tracking":false,"_monsterinsights_sitenote_active":false,"_monsterinsights_sitenote_note":"","_monsterinsights_sitenote_category":0,"footnotes":""},"categories":[34,70,69,21],"tags":[93,3181,3871,1152],"class_list":["post-42292","post","type-post","status-publish","format-standard","has-post-thumbnail","hentry","category-brasil","category-destaques","category-noticias2","category-politica","tag-brasil","tag-eleicoes-2022","tag-pesquisa-eleitoral","tag-presidente-da-republica"],"aioseo_notices":[],"_links":{"self":[{"href":"https:\/\/www.portalalerta.com.br\/index.php\/wp-json\/wp\/v2\/posts\/42292","targetHints":{"allow":["GET"]}}],"collection":[{"href":"https:\/\/www.portalalerta.com.br\/index.php\/wp-json\/wp\/v2\/posts"}],"about":[{"href":"https:\/\/www.portalalerta.com.br\/index.php\/wp-json\/wp\/v2\/types\/post"}],"author":[{"embeddable":true,"href":"https:\/\/www.portalalerta.com.br\/index.php\/wp-json\/wp\/v2\/users\/2"}],"replies":[{"embeddable":true,"href":"https:\/\/www.portalalerta.com.br\/index.php\/wp-json\/wp\/v2\/comments?post=42292"}],"version-history":[{"count":1,"href":"https:\/\/www.portalalerta.com.br\/index.php\/wp-json\/wp\/v2\/posts\/42292\/revisions"}],"predecessor-version":[{"id":42294,"href":"https:\/\/www.portalalerta.com.br\/index.php\/wp-json\/wp\/v2\/posts\/42292\/revisions\/42294"}],"wp:featuredmedia":[{"embeddable":true,"href":"https:\/\/www.portalalerta.com.br\/index.php\/wp-json\/wp\/v2\/media\/42293"}],"wp:attachment":[{"href":"https:\/\/www.portalalerta.com.br\/index.php\/wp-json\/wp\/v2\/media?parent=42292"}],"wp:term":[{"taxonomy":"category","embeddable":true,"href":"https:\/\/www.portalalerta.com.br\/index.php\/wp-json\/wp\/v2\/categories?post=42292"},{"taxonomy":"post_tag","embeddable":true,"href":"https:\/\/www.portalalerta.com.br\/index.php\/wp-json\/wp\/v2\/tags?post=42292"}],"curies":[{"name":"wp","href":"https:\/\/api.w.org\/{rel}","templated":true}]}}