{"id":42298,"date":"2022-04-24T23:01:52","date_gmt":"2022-04-25T02:01:52","guid":{"rendered":"https:\/\/www.portalalerta.com.br\/?p=42298"},"modified":"2022-04-24T23:01:53","modified_gmt":"2022-04-25T02:01:53","slug":"banzae-programacao-do-arraia-do-banza-2022","status":"publish","type":"post","link":"https:\/\/www.portalalerta.com.br\/index.php\/2022\/04\/24\/banzae-programacao-do-arraia-do-banza-2022\/","title":{"rendered":"Banza\u00ea &#8211; Programa\u00e7\u00e3o do Arrai\u00e1 do Banza 2022"},"content":{"rendered":"\n<p>J\u00e1 \u00e9 tradi\u00e7\u00e3o os festejos da cidade de Banza\u00ea-BA serem conhecidos como um dos melhores da regi\u00e3o, e foi na \u00faltima sexta-feira (22) que a Prefeita Jailma Dantas e todo sua equipe da Comunica\u00e7\u00e3o escolheu para divulgar o Arrai\u00e1 do (Banza) 2022.<\/p>\n\n\n\n<!--more-->\n\n\n\n<p><br>Em parceria com o Governo do Estado foi divulgado a sua programa\u00e7\u00e3o nos dias 30 de Junho e 1\u00ba de Julho com as bandas;<\/p>\n\n\n\n<div class=\"wp-block-image\"><figure class=\"alignright size-large is-resized\"><img fetchpriority=\"high\" decoding=\"async\" src=\"https:\/\/www.portalalerta.com.br\/wp-content\/uploads\/2022\/03\/Real-Calcados-Estilo-e-Moda-para-Voce-1024x459.jpeg\" alt=\"\" class=\"wp-image-41407\" width=\"450\" height=\"201\"\/><\/figure><\/div>\n\n\n\n<p><br>Tarc\u00edsio do Acordeon<\/p>\n\n\n\n<p>Vitor Fernandes&nbsp;<\/p>\n\n\n\n<p>Jonas Esticado&nbsp;<\/p>\n\n\n\n<p>Dorgival Dantas&nbsp;<\/p>\n\n\n\n<p>Lim\u00e3o com Mel&nbsp;<\/p>\n\n\n\n<p>Peruanno&nbsp;<\/p>\n\n\n\n<p>S\u00e2mya Maia&nbsp;<\/p>\n\n\n\n<p>Dois Amores&nbsp;<\/p>\n\n\n\n<p>Aline Fernandes&nbsp;<\/p>\n\n\n\n<p><em>Fonte: R\u00e1dio Web Di\u00e1rio<\/em><em>&nbsp;<\/em><\/p>\n","protected":false},"excerpt":{"rendered":"<p>J\u00e1 \u00e9 tradi\u00e7\u00e3o os festejos da cidade de Banza\u00ea-BA serem conhecidos como um dos melhores da regi\u00e3o, e foi na \u00faltima sexta-feira (22) que a Prefeita Jailma Dantas e todo sua equipe da Comunica\u00e7\u00e3o escolheu para divulgar o Arrai\u00e1 do (Banza) 2022.<\/p>\n","protected":false},"author":2,"featured_media":42299,"comment_status":"open","ping_status":"open","sticky":false,"template":"","format":"standard","meta":{"om_disable_all_campaigns":false,"_monsterinsights_skip_tracking":false,"_monsterinsights_sitenote_active":false,"_monsterinsights_sitenote_note":"","_monsterinsights_sitenote_category":0,"footnotes":""},"categories":[39,70,36,69,32],"tags":[1140,4179,344,1087],"class_list":["post-42298","post","type-post","status-publish","format-standard","has-post-thumbnail","hentry","category-banzae","category-destaques","category-lazer","category-noticias2","category-regiao","tag-arraia-do-banza","tag-banzae-2","tag-festa","tag-sao-pedro"],"aioseo_notices":[],"_links":{"self":[{"href":"https:\/\/www.portalalerta.com.br\/index.php\/wp-json\/wp\/v2\/posts\/42298","targetHints":{"allow":["GET"]}}],"collection":[{"href":"https:\/\/www.portalalerta.com.br\/index.php\/wp-json\/wp\/v2\/posts"}],"about":[{"href":"https:\/\/www.portalalerta.com.br\/index.php\/wp-json\/wp\/v2\/types\/post"}],"author":[{"embeddable":true,"href":"https:\/\/www.portalalerta.com.br\/index.php\/wp-json\/wp\/v2\/users\/2"}],"replies":[{"embeddable":true,"href":"https:\/\/www.portalalerta.com.br\/index.php\/wp-json\/wp\/v2\/comments?post=42298"}],"version-history":[{"count":1,"href":"https:\/\/www.portalalerta.com.br\/index.php\/wp-json\/wp\/v2\/posts\/42298\/revisions"}],"predecessor-version":[{"id":42300,"href":"https:\/\/www.portalalerta.com.br\/index.php\/wp-json\/wp\/v2\/posts\/42298\/revisions\/42300"}],"wp:featuredmedia":[{"embeddable":true,"href":"https:\/\/www.portalalerta.com.br\/index.php\/wp-json\/wp\/v2\/media\/42299"}],"wp:attachment":[{"href":"https:\/\/www.portalalerta.com.br\/index.php\/wp-json\/wp\/v2\/media?parent=42298"}],"wp:term":[{"taxonomy":"category","embeddable":true,"href":"https:\/\/www.portalalerta.com.br\/index.php\/wp-json\/wp\/v2\/categories?post=42298"},{"taxonomy":"post_tag","embeddable":true,"href":"https:\/\/www.portalalerta.com.br\/index.php\/wp-json\/wp\/v2\/tags?post=42298"}],"curies":[{"name":"wp","href":"https:\/\/api.w.org\/{rel}","templated":true}]}}