{"id":42301,"date":"2022-04-24T23:06:46","date_gmt":"2022-04-25T02:06:46","guid":{"rendered":"https:\/\/www.portalalerta.com.br\/?p=42301"},"modified":"2022-04-24T23:06:47","modified_gmt":"2022-04-25T02:06:47","slug":"rosa-weber-arquiva-inquerito-contra-bolsonaro-no-caso-covaxin","status":"publish","type":"post","link":"https:\/\/www.portalalerta.com.br\/index.php\/2022\/04\/24\/rosa-weber-arquiva-inquerito-contra-bolsonaro-no-caso-covaxin\/","title":{"rendered":"Rosa Weber arquiva inqu\u00e9rito contra Bolsonaro no caso Covaxin"},"content":{"rendered":"\n<p>Ministra do STF atendeu a novo pedido da Procuradoria-Geral da Rep\u00fablica<\/p>\n\n\n\n<!--more-->\n\n\n\n<p>A ministra do Supremo Tribunal Federal (STF) Rosa Weber atendeu a novo pedido da&nbsp;Procuradoria-Geral da Rep\u00fablica (PGR) e determinou o arquivamento do inqu\u00e9rito&nbsp;sobre suposta pr\u00e1tica de prevarica\u00e7\u00e3o pelo presidente&nbsp;Jair Bolsonaro&nbsp;no caso da compra da vacina indiana Covaxin.<\/p>\n\n\n\n<p>No final de mar\u00e7o, a ministra havia&nbsp;rejeitado&nbsp;o primeiro pedido de arquivamento, em que o procurador-geral Augusto Aras sustentava que a conduta atribu\u00edda a Bolsonaro n\u00e3o configuraria crime (atipicidade), pois n\u00e3o estaria entre as atribui\u00e7\u00f5es do presidente encaminhar a den\u00fancia sobre supostas irregularidades nas negocia\u00e7\u00f5es da vacina.<\/p>\n\n\n\n<p><strong><em>&#8220;O novo pedido, contudo, acrescentou novos motivos para o arquivamento, entre eles a aus\u00eancia de justa causa para o prosseguimento da investiga\u00e7\u00e3o, ou seja, a insufici\u00eancia dos elementos informativos dispon\u00edveis. E, nesse caso, a jurisprud\u00eancia do STF considera invi\u00e1vel a recusa do pedido&#8221;<\/em><\/strong>, informou a Corte, por meio de nota.<\/p>\n\n\n\n<p>Na&nbsp;decis\u00e3o, Rosa Weber ressaltou que o arquivamento n\u00e3o impede a reabertura das investiga\u00e7\u00f5es, caso&nbsp;surjam&nbsp;novas provas, nos termos do Artigo 18 do C\u00f3digo de Processo Penal.<\/p>\n\n\n\n<p><strong>Entenda<\/strong><\/p>\n\n\n\n<p>O pedido de investiga\u00e7\u00e3o ocorreu ap\u00f3s o depoimento de Luis Ricardo Miranda, servidor do Minist\u00e9rio da Sa\u00fade, \u00e0 Comiss\u00e3o Parlamentar de Inqu\u00e9rito (CPI) da Pandemia. Ele afirmou ter sofrido press\u00e3o incomum de seus superiores para finalizar a tramita\u00e7\u00e3o de compra da Covaxin. Ele tamb\u00e9m disse que tinha conhecimento de supostas irregularidades no processo.<\/p>\n\n\n\n<p>O servidor \u00e9 irm\u00e3o do deputado Luis Miranda (Republicanos-DF), a quem disse ter relatado o caso. \u00c0 CPI, o parlamentar afirmou ter levado o relato do irm\u00e3o at\u00e9 o presidente Jair Bolsonaro, em mar\u00e7o de 2021, e que nenhuma provid\u00eancia teria sido tomada.<\/p>\n\n\n\n<p>Em junho do ano passado, ap\u00f3s as den\u00fancias, o ministro da Sa\u00fade,&nbsp;Marcelo Queiroga, anunciou a&nbsp;suspens\u00e3o&nbsp;do contrato. Em agosto, foi publicada no Di\u00e1rio Oficial da Uni\u00e3o a&nbsp;rescis\u00e3o&nbsp;unilateral&nbsp;do contrato do governo com a Precisa Medicamentos.<\/p>\n\n\n\n<p>No fevereiro, o procurador-geral da Rep\u00fablica&nbsp;disse n\u00e3o ver crime na conduta de Bolsonaro no caso e&nbsp;pediu o&nbsp;arquivamento&nbsp;do inqu\u00e9rito. Para ele, pedir a apura\u00e7\u00e3o de suspeitas no caso Covaxin \u00e9 ato que <strong><em>&#8220;n\u00e3o est\u00e1 inserido no \u00e2mbito das suas atribui\u00e7\u00f5es, as quais est\u00e3o expressamente consagradas no texto constitucional, n\u00e3o h\u00e1 que se falar em ato de of\u00edcio violado, raz\u00e3o pela qual revela-se ausente o elemento normativo do tipo&#8221;.<\/em><\/strong><\/p>\n\n\n\n<p>Em janeiro, a&nbsp;Pol\u00edcia Federal&nbsp;tamb\u00e9m concluiu&nbsp;que o presidente n\u00e3o prevaricou, tendo deixado de cumprir <strong><em>&#8220;um dever c\u00edvico&#8221;<\/em><\/strong>.<\/p>\n\n\n\n<p><em>Fonte: A Tarde<\/em><\/p>\n","protected":false},"excerpt":{"rendered":"<p>Ministra do STF atendeu a novo pedido da Procuradoria-Geral da Rep\u00fablica<\/p>\n","protected":false},"author":2,"featured_media":36217,"comment_status":"open","ping_status":"open","sticky":false,"template":"","format":"standard","meta":{"om_disable_all_campaigns":false,"_monsterinsights_skip_tracking":false,"_monsterinsights_sitenote_active":false,"_monsterinsights_sitenote_note":"","_monsterinsights_sitenote_category":0,"footnotes":""},"categories":[34,70,69,21,19],"tags":[93,4559,1395,1152,1530,216,3570],"class_list":["post-42301","post","type-post","status-publish","format-standard","has-post-thumbnail","hentry","category-brasil","category-destaques","category-noticias2","category-politica","category-saude","tag-brasil","tag-covaxin","tag-jair-bolsonaro","tag-presidente-da-republica","tag-rosa-weber","tag-stf","tag-vacina"],"aioseo_notices":[],"_links":{"self":[{"href":"https:\/\/www.portalalerta.com.br\/index.php\/wp-json\/wp\/v2\/posts\/42301","targetHints":{"allow":["GET"]}}],"collection":[{"href":"https:\/\/www.portalalerta.com.br\/index.php\/wp-json\/wp\/v2\/posts"}],"about":[{"href":"https:\/\/www.portalalerta.com.br\/index.php\/wp-json\/wp\/v2\/types\/post"}],"author":[{"embeddable":true,"href":"https:\/\/www.portalalerta.com.br\/index.php\/wp-json\/wp\/v2\/users\/2"}],"replies":[{"embeddable":true,"href":"https:\/\/www.portalalerta.com.br\/index.php\/wp-json\/wp\/v2\/comments?post=42301"}],"version-history":[{"count":1,"href":"https:\/\/www.portalalerta.com.br\/index.php\/wp-json\/wp\/v2\/posts\/42301\/revisions"}],"predecessor-version":[{"id":42302,"href":"https:\/\/www.portalalerta.com.br\/index.php\/wp-json\/wp\/v2\/posts\/42301\/revisions\/42302"}],"wp:featuredmedia":[{"embeddable":true,"href":"https:\/\/www.portalalerta.com.br\/index.php\/wp-json\/wp\/v2\/media\/36217"}],"wp:attachment":[{"href":"https:\/\/www.portalalerta.com.br\/index.php\/wp-json\/wp\/v2\/media?parent=42301"}],"wp:term":[{"taxonomy":"category","embeddable":true,"href":"https:\/\/www.portalalerta.com.br\/index.php\/wp-json\/wp\/v2\/categories?post=42301"},{"taxonomy":"post_tag","embeddable":true,"href":"https:\/\/www.portalalerta.com.br\/index.php\/wp-json\/wp\/v2\/tags?post=42301"}],"curies":[{"name":"wp","href":"https:\/\/api.w.org\/{rel}","templated":true}]}}