{"id":4231,"date":"2018-01-27T14:56:50","date_gmt":"2018-01-27T16:56:50","guid":{"rendered":"http:\/\/www.portalalerta.com.br\/?p=4231"},"modified":"2018-01-27T14:56:50","modified_gmt":"2018-01-27T16:56:50","slug":"ribeira-do-amparo-ba-registra-o-primeiro-homicidio-do-ano","status":"publish","type":"post","link":"https:\/\/www.portalalerta.com.br\/index.php\/2018\/01\/27\/ribeira-do-amparo-ba-registra-o-primeiro-homicidio-do-ano\/","title":{"rendered":"Ribeira do Amparo-BA registra o primeiro homic\u00eddio do ano"},"content":{"rendered":"<p style=\"text-align: justify;\">Por volta das 23:00hs de sexta-feira, 26, um homem deu entrada na Emerg\u00eancia do Hospital Geral Santa Tereza, em Ribeira do Pombal, gravemente ferido no abd\u00f4men, por conta de uma facada.<!--more--><\/p>\n<p style=\"text-align: justify;\">Policiais militares do 2\u00ba Pelot\u00e3o\/ Ribeira do Pombal, se dirigiram at\u00e9 \u00e0 Unidade Hospitalar, assim que souberam do fato. No local, testemunhas relataram que a v\u00edtima identificada como Jo\u00e3o Carlos Ribeiro dos Santos, 42 anos, estava num bar situado na Rua da Igreja, no povoado Barrocas, em Ribeira do Amparo, quando em meio a uma multid\u00e3o, o autor identificado como \u201cSabi\u00e1\u201d teria cometido o crime.<\/p>\n<p style=\"text-align: justify;\"><img fetchpriority=\"high\" decoding=\"async\" class=\"size-full wp-image-2873 aligncenter\" src=\"http:\/\/www.portalalerta.com.br\/wp-content\/uploads\/2017\/11\/autoescolanobre-1.jpg\" alt=\"\" width=\"600\" height=\"149\" srcset=\"https:\/\/www.portalalerta.com.br\/wp-content\/uploads\/2017\/11\/autoescolanobre-1.jpg 600w, https:\/\/www.portalalerta.com.br\/wp-content\/uploads\/2017\/11\/autoescolanobre-1-260x65.jpg 260w, https:\/\/www.portalalerta.com.br\/wp-content\/uploads\/2017\/11\/autoescolanobre-1-50x12.jpg 50w, https:\/\/www.portalalerta.com.br\/wp-content\/uploads\/2017\/11\/autoescolanobre-1-150x37.jpg 150w\" sizes=\"(max-width: 600px) 100vw, 600px\" \/>Jo\u00e3o Carlos foi socorrido imediatamente para o Hospital em Ribeira do Pombal, onde n\u00e3o resistiu aos ferimentos, e morreu no Centro Cir\u00fargico.<\/p>\n<p style=\"text-align: justify;\">At\u00e9 o momento do fechamento desta mat\u00e9ria, o autor do crime n\u00e3o teria sido preso. Este \u00e9 o primeiro homic\u00eddio registrado em Ribeira do Amparo-BA, em 2018.<\/p>\n<p style=\"text-align: justify;\"><a href=\"http:\/\/www.facebook.com.br\/pombalalerta\"><strong>Curta nossa p\u00e1gina no facebook, e continue atualizado sobre tudo o que acontece em sua cidade!<\/strong><\/a><\/p>\n<p style=\"text-align: justify;\"><a href=\"https:\/\/play.google.com\/store\/apps\/details?id=com.globalstore.pombalalerta&amp;hl=pt_BR\"><strong>Baixe o nosso aplicativo, e fique de olho na not\u00edcia!<\/strong><\/a><\/p>\n<p style=\"text-align: justify;\"><em>\u00a0<\/em><em>Reda\u00e7\u00e3o: Portal Alerta<\/em><\/p>\n<p>Imagem Ilustrativa<\/p>\n","protected":false},"excerpt":{"rendered":"<p>Por volta das 23:00hs de sexta-feira, 26, um homem deu entrada na Emerg\u00eancia do Hospital Geral Santa Tereza, em Ribeira do Pombal, gravemente ferido no abd\u00f4men, por conta de uma facada.<\/p>\n","protected":false},"author":2,"featured_media":4232,"comment_status":"closed","ping_status":"open","sticky":false,"template":"","format":"standard","meta":{"om_disable_all_campaigns":false,"_monsterinsights_skip_tracking":false,"_monsterinsights_sitenote_active":false,"_monsterinsights_sitenote_note":"","_monsterinsights_sitenote_category":0,"footnotes":""},"categories":[70,69,32,16,22],"tags":[492,299,151,206,169,88],"class_list":["post-4231","post","type-post","status-publish","format-standard","has-post-thumbnail","hentry","category-destaques","category-noticias2","category-regiao","category-ribeira-do-amparo","category-seguranca","tag-facada","tag-ferido","tag-hgst","tag-homicidio","tag-morte","tag-ribeira-do-amparo"],"aioseo_notices":[],"_links":{"self":[{"href":"https:\/\/www.portalalerta.com.br\/index.php\/wp-json\/wp\/v2\/posts\/4231","targetHints":{"allow":["GET"]}}],"collection":[{"href":"https:\/\/www.portalalerta.com.br\/index.php\/wp-json\/wp\/v2\/posts"}],"about":[{"href":"https:\/\/www.portalalerta.com.br\/index.php\/wp-json\/wp\/v2\/types\/post"}],"author":[{"embeddable":true,"href":"https:\/\/www.portalalerta.com.br\/index.php\/wp-json\/wp\/v2\/users\/2"}],"replies":[{"embeddable":true,"href":"https:\/\/www.portalalerta.com.br\/index.php\/wp-json\/wp\/v2\/comments?post=4231"}],"version-history":[{"count":0,"href":"https:\/\/www.portalalerta.com.br\/index.php\/wp-json\/wp\/v2\/posts\/4231\/revisions"}],"wp:featuredmedia":[{"embeddable":true,"href":"https:\/\/www.portalalerta.com.br\/index.php\/wp-json\/wp\/v2\/media\/4232"}],"wp:attachment":[{"href":"https:\/\/www.portalalerta.com.br\/index.php\/wp-json\/wp\/v2\/media?parent=4231"}],"wp:term":[{"taxonomy":"category","embeddable":true,"href":"https:\/\/www.portalalerta.com.br\/index.php\/wp-json\/wp\/v2\/categories?post=4231"},{"taxonomy":"post_tag","embeddable":true,"href":"https:\/\/www.portalalerta.com.br\/index.php\/wp-json\/wp\/v2\/tags?post=4231"}],"curies":[{"name":"wp","href":"https:\/\/api.w.org\/{rel}","templated":true}]}}