{"id":4234,"date":"2018-01-27T15:12:43","date_gmt":"2018-01-27T17:12:43","guid":{"rendered":"http:\/\/www.portalalerta.com.br\/?p=4234"},"modified":"2018-01-27T15:16:48","modified_gmt":"2018-01-27T17:16:48","slug":"mais-dois-suspeitos-de-terem-participado-de-triplo-homicidio-em-ribeira-do-pombal-sao-presos-em-euclides-da-cunha-ba","status":"publish","type":"post","link":"https:\/\/www.portalalerta.com.br\/index.php\/2018\/01\/27\/mais-dois-suspeitos-de-terem-participado-de-triplo-homicidio-em-ribeira-do-pombal-sao-presos-em-euclides-da-cunha-ba\/","title":{"rendered":"Mais dois suspeitos de terem participado de Triplo Homic\u00eddio em Ribeira do Pombal, s\u00e3o presos em Euclides da Cunha-BA"},"content":{"rendered":"<p style=\"text-align: justify;\">Ap\u00f3s levantamento realizado pelo Servi\u00e7o de Investiga\u00e7\u00e3o da Pol\u00edcia Civil de Ribeira do Pombal-BA, que apura o triplo homic\u00eddio que vitimou tr\u00eas irm\u00e3os no povoado Barro Vermelho, no referido munic\u00edpio, no \u00faltimo dia 21, foram lavrados Mandados de Pris\u00f5es em desfavor de: Lucas Freitas Santos da Silva (Luquinhas), e Gelma Fernandes de Morais, ambos moradores do munic\u00edpio de Euclides da Cunha-BA.<!--more--><\/p>\n<p style=\"text-align: justify;\">A a\u00e7\u00e3o foi desencadeada em Euclides da Cunha-BA, por uma equipe de investigadores pombalenses e outra de Euclides da Cunha-BA, onde obtiveram \u00eaxito na pris\u00e3o dos suspeitos, que de acordo com a Pol\u00edcia Civil, n\u00e3o restam d\u00favidas da participa\u00e7\u00e3o de ambos no crime que chocou a regi\u00e3o, j\u00e1 que uma das v\u00edtimas foi decapitada. Al\u00e9m disso, de acordo com os investigadores, \u00e9 comprovado, que os presos t\u00eam envolvimento com o crime organizado, sendo estes membros da fac\u00e7\u00e3o Katiara, que atua na regi\u00e3o, cometendo diversos delitos, tendo como a principal modalidade, o tr\u00e1fico de drogas.<\/p>\n<figure id=\"attachment_4235\" aria-describedby=\"caption-attachment-4235\" style=\"width: 500px\" class=\"wp-caption aligncenter\"><img fetchpriority=\"high\" decoding=\"async\" class=\"size-full wp-image-4235\" src=\"http:\/\/www.portalalerta.com.br\/wp-content\/uploads\/2018\/01\/presos-por-triplo-homicidio.jpg\" alt=\"\" width=\"500\" height=\"400\" srcset=\"https:\/\/www.portalalerta.com.br\/wp-content\/uploads\/2018\/01\/presos-por-triplo-homicidio.jpg 500w, https:\/\/www.portalalerta.com.br\/wp-content\/uploads\/2018\/01\/presos-por-triplo-homicidio-300x240.jpg 300w, https:\/\/www.portalalerta.com.br\/wp-content\/uploads\/2018\/01\/presos-por-triplo-homicidio-183x146.jpg 183w, https:\/\/www.portalalerta.com.br\/wp-content\/uploads\/2018\/01\/presos-por-triplo-homicidio-50x40.jpg 50w, https:\/\/www.portalalerta.com.br\/wp-content\/uploads\/2018\/01\/presos-por-triplo-homicidio-94x75.jpg 94w\" sizes=\"(max-width: 500px) 100vw, 500px\" \/><figcaption id=\"caption-attachment-4235\" class=\"wp-caption-text\">Dupla foi presa por integrar fac\u00e7\u00e3o criminosa e participar de triplo homic\u00eddio, em Ribeira do Pombal<\/figcaption><\/figure>\n<p style=\"text-align: justify;\"><strong>Tr\u00eas presos<\/strong><\/p>\n<p style=\"text-align: justify;\">Desde o cometimento do crime, a Pol\u00edcia Civil da Bahia tem se dedicado em dar uma resposta \u00e0 sociedade.<\/p>\n<p style=\"text-align: justify;\"><img decoding=\"async\" class=\"size-full wp-image-2867 aligncenter\" src=\"http:\/\/www.portalalerta.com.br\/wp-content\/uploads\/2017\/11\/protege-1.jpg\" alt=\"\" width=\"600\" height=\"140\" \/>Ao todo j\u00e1 foram presas tr\u00eas pessoas, pois al\u00e9m da dupla capturada em Euclides da Cunha-BA, foi anunciada na \u00faltima quarta-feira, 24, a pris\u00e3o do pombalense Paulo Jesus dos Santos (Paulo Uveia), que tamb\u00e9m foi apontado como um dos autores do triplo homic\u00eddio. <a href=\"http:\/\/www.portalalerta.com.br\/index.php\/2018\/01\/24\/policia-civil-anuncia-prisao-de-suspeito-de-triplo-homicidio-em-ribeira-do-pombal-cabeca-da-vitima-e-suposto-carro-utilizado-no-crime-tambem-foram-encontrados\/\"><strong>Relembre <\/strong><\/a><\/p>\n<p style=\"text-align: justify;\"><strong>O crime<\/strong><\/p>\n<p style=\"text-align: justify;\">Na tarde de domingo, 21, um crime chocou o munic\u00edpio de Ribeira do Pombal e Regi\u00e3o. Na ocasi\u00e3o, os irm\u00e3os Cl\u00e1udio dos Santos Matos, 31 anos, Reures dos Santos Matos, 29 anos, e Bruno dos Santos Matos, 27 anos, foram assassinados quando se encontravam no interior de uma bar no povoado Barro Vermelho, em Ribeira do Pombal.<\/p>\n<p style=\"text-align: justify;\">Ap\u00f3s ser alvejado por disparos de arma de fogo, Bruno foi decapitado pelos criminosos, que posteriormente exibiram a cabe\u00e7a da v\u00edtima em redes sociais. <a href=\"http:\/\/www.portalalerta.com.br\/index.php\/2018\/01\/22\/tres-irmaos-sao-assassinados-em-ribeira-do-pombal-um-deles-foi-decapitado\/\"><strong>Relembre<\/strong><\/a><\/p>\n<p style=\"text-align: justify;\"><a href=\"http:\/\/www.facebook.com.br\/pombalalerta\"><strong>Curta nossa p\u00e1gina no facebook, e continue atualizado sobre tudo o que acontece em sua cidade!<\/strong><\/a><\/p>\n<p style=\"text-align: justify;\"><a href=\"https:\/\/play.google.com\/store\/apps\/details?id=com.globalstore.pombalalerta&amp;hl=pt_BR\"><strong>Baixe o nosso aplicativo, e fique de olho na not\u00edcia!<\/strong><\/a><\/p>\n<p style=\"text-align: justify;\"><em>Reda\u00e7\u00e3o: Portal Alerta<\/em><\/p>\n","protected":false},"excerpt":{"rendered":"<p>Ap\u00f3s levantamento realizado pelo Servi\u00e7o de Investiga\u00e7\u00e3o da Pol\u00edcia Civil de Ribeira do Pombal-BA, que apura o triplo homic\u00eddio que vitimou tr\u00eas irm\u00e3os no povoado Barro Vermelho, no referido munic\u00edpio, no \u00faltimo dia 21, foram lavrados Mandados de Pris\u00f5es em desfavor de: Lucas Freitas Santos da Silva (Luquinhas), e Gelma Fernandes de Morais, ambos moradores &hellip;<\/p>\n","protected":false},"author":2,"featured_media":4095,"comment_status":"closed","ping_status":"open","sticky":false,"template":"","format":"standard","meta":{"om_disable_all_campaigns":false,"_monsterinsights_skip_tracking":false,"_monsterinsights_sitenote_active":false,"_monsterinsights_sitenote_note":"","_monsterinsights_sitenote_category":0,"footnotes":""},"categories":[70,17,69,32,3,22],"tags":[493,206,494,122,110,76],"class_list":["post-4234","post","type-post","status-publish","format-standard","has-post-thumbnail","hentry","category-destaques","category-euclides-da-cunha","category-noticias2","category-regiao","category-ribeira-do-pombal","category-seguranca","tag-faccao-criminosa","tag-homicidio","tag-katiara","tag-policia-civil","tag-presos","tag-trafico-de-drogas"],"aioseo_notices":[],"_links":{"self":[{"href":"https:\/\/www.portalalerta.com.br\/index.php\/wp-json\/wp\/v2\/posts\/4234","targetHints":{"allow":["GET"]}}],"collection":[{"href":"https:\/\/www.portalalerta.com.br\/index.php\/wp-json\/wp\/v2\/posts"}],"about":[{"href":"https:\/\/www.portalalerta.com.br\/index.php\/wp-json\/wp\/v2\/types\/post"}],"author":[{"embeddable":true,"href":"https:\/\/www.portalalerta.com.br\/index.php\/wp-json\/wp\/v2\/users\/2"}],"replies":[{"embeddable":true,"href":"https:\/\/www.portalalerta.com.br\/index.php\/wp-json\/wp\/v2\/comments?post=4234"}],"version-history":[{"count":0,"href":"https:\/\/www.portalalerta.com.br\/index.php\/wp-json\/wp\/v2\/posts\/4234\/revisions"}],"wp:featuredmedia":[{"embeddable":true,"href":"https:\/\/www.portalalerta.com.br\/index.php\/wp-json\/wp\/v2\/media\/4095"}],"wp:attachment":[{"href":"https:\/\/www.portalalerta.com.br\/index.php\/wp-json\/wp\/v2\/media?parent=4234"}],"wp:term":[{"taxonomy":"category","embeddable":true,"href":"https:\/\/www.portalalerta.com.br\/index.php\/wp-json\/wp\/v2\/categories?post=4234"},{"taxonomy":"post_tag","embeddable":true,"href":"https:\/\/www.portalalerta.com.br\/index.php\/wp-json\/wp\/v2\/tags?post=4234"}],"curies":[{"name":"wp","href":"https:\/\/api.w.org\/{rel}","templated":true}]}}