{"id":42359,"date":"2022-04-28T06:02:00","date_gmt":"2022-04-28T09:02:00","guid":{"rendered":"https:\/\/www.portalalerta.com.br\/?p=42359"},"modified":"2022-04-27T22:39:29","modified_gmt":"2022-04-28T01:39:29","slug":"tres-detentos-fogem-do-presidio-regional-de-paulo-afonso-ba","status":"publish","type":"post","link":"https:\/\/www.portalalerta.com.br\/index.php\/2022\/04\/28\/tres-detentos-fogem-do-presidio-regional-de-paulo-afonso-ba\/","title":{"rendered":"Tr\u00eas detentos fogem do Pres\u00eddio Regional de Paulo Afonso \u2013 BA"},"content":{"rendered":"\n<p>Durante a madrugada desta quarta-feira (27),&nbsp;<strong>tr\u00eas detentos&nbsp;fugiram<\/strong>&nbsp;do Pres\u00eddio Regional de Paulo Afonso \u2013 BA.<\/p>\n\n\n\n<!--more-->\n\n\n\n<div class=\"wp-block-image\"><figure class=\"aligncenter size-full\"><img fetchpriority=\"high\" decoding=\"async\" width=\"720\" height=\"181\" src=\"https:\/\/www.portalalerta.com.br\/wp-content\/uploads\/2018\/02\/Auto-Escola-Nobre.jpg\" alt=\"\" class=\"wp-image-4869\" srcset=\"https:\/\/www.portalalerta.com.br\/wp-content\/uploads\/2018\/02\/Auto-Escola-Nobre.jpg 720w, https:\/\/www.portalalerta.com.br\/wp-content\/uploads\/2018\/02\/Auto-Escola-Nobre-260x65.jpg 260w, https:\/\/www.portalalerta.com.br\/wp-content\/uploads\/2018\/02\/Auto-Escola-Nobre-50x13.jpg 50w, https:\/\/www.portalalerta.com.br\/wp-content\/uploads\/2018\/02\/Auto-Escola-Nobre-150x38.jpg 150w\" sizes=\"(max-width: 720px) 100vw, 720px\" \/><\/figure><\/div>\n\n\n\n<p>Os presos foram identificados como Luiz Carlos Santana Brito, Carlos Roberto dos Santos e Renan Daniel Alves Lopes.&nbsp;<\/p>\n\n\n\n<p>Segundo as informa\u00e7\u00f5es, os tr\u00eas estavam cumprindo pris\u00e3o em regime fechado no Bloco C, Ala A, Cela 1, do Conjunto Penal de Paulo Afonso.<\/p>\n\n\n\n<p><em>Fonte: Chico Sabe Tudo<\/em><\/p>\n","protected":false},"excerpt":{"rendered":"<p>Durante a madrugada desta quarta-feira (27),&nbsp;tr\u00eas detentos&nbsp;fugiram&nbsp;do Pres\u00eddio Regional de Paulo Afonso \u2013 BA.<\/p>\n","protected":false},"author":2,"featured_media":42361,"comment_status":"open","ping_status":"open","sticky":false,"template":"","format":"standard","meta":{"om_disable_all_campaigns":false,"_monsterinsights_skip_tracking":false,"_monsterinsights_sitenote_active":false,"_monsterinsights_sitenote_note":"","_monsterinsights_sitenote_category":0,"footnotes":""},"categories":[33,70,69,22],"tags":[54,137,5255,118,268],"class_list":["post-42359","post","type-post","status-publish","format-standard","has-post-thumbnail","hentry","category-bahia","category-destaques","category-noticias2","category-seguranca","tag-bahia","tag-fuga","tag-fuga-de-presos","tag-paulo-afonso","tag-presidio"],"aioseo_notices":[],"_links":{"self":[{"href":"https:\/\/www.portalalerta.com.br\/index.php\/wp-json\/wp\/v2\/posts\/42359","targetHints":{"allow":["GET"]}}],"collection":[{"href":"https:\/\/www.portalalerta.com.br\/index.php\/wp-json\/wp\/v2\/posts"}],"about":[{"href":"https:\/\/www.portalalerta.com.br\/index.php\/wp-json\/wp\/v2\/types\/post"}],"author":[{"embeddable":true,"href":"https:\/\/www.portalalerta.com.br\/index.php\/wp-json\/wp\/v2\/users\/2"}],"replies":[{"embeddable":true,"href":"https:\/\/www.portalalerta.com.br\/index.php\/wp-json\/wp\/v2\/comments?post=42359"}],"version-history":[{"count":1,"href":"https:\/\/www.portalalerta.com.br\/index.php\/wp-json\/wp\/v2\/posts\/42359\/revisions"}],"predecessor-version":[{"id":42362,"href":"https:\/\/www.portalalerta.com.br\/index.php\/wp-json\/wp\/v2\/posts\/42359\/revisions\/42362"}],"wp:featuredmedia":[{"embeddable":true,"href":"https:\/\/www.portalalerta.com.br\/index.php\/wp-json\/wp\/v2\/media\/42361"}],"wp:attachment":[{"href":"https:\/\/www.portalalerta.com.br\/index.php\/wp-json\/wp\/v2\/media?parent=42359"}],"wp:term":[{"taxonomy":"category","embeddable":true,"href":"https:\/\/www.portalalerta.com.br\/index.php\/wp-json\/wp\/v2\/categories?post=42359"},{"taxonomy":"post_tag","embeddable":true,"href":"https:\/\/www.portalalerta.com.br\/index.php\/wp-json\/wp\/v2\/tags?post=42359"}],"curies":[{"name":"wp","href":"https:\/\/api.w.org\/{rel}","templated":true}]}}