{"id":42366,"date":"2022-04-28T11:00:00","date_gmt":"2022-04-28T14:00:00","guid":{"rendered":"https:\/\/www.portalalerta.com.br\/?p=42366"},"modified":"2022-04-27T23:15:49","modified_gmt":"2022-04-28T02:15:49","slug":"acm-neto-e-convidado-para-evento-do-solidariedade-em-apoio-a-lula","status":"publish","type":"post","link":"https:\/\/www.portalalerta.com.br\/index.php\/2022\/04\/28\/acm-neto-e-convidado-para-evento-do-solidariedade-em-apoio-a-lula\/","title":{"rendered":"ACM Neto \u00e9 convidado para evento do Solidariedade em apoio a Lula"},"content":{"rendered":"\n<p>Pr\u00e9-candidato a governador da Bahia, ACM Neto (UNI\u00c3O) foi convidado para o evento do partido Solidariedade que declarar\u00e1 apoio \u00e0 candidatura presidencial de Lula (PT). A informa\u00e7\u00e3o \u00e9 da coluna Painel, do jornal Folha de S. Paulo.<\/p>\n\n\n\n<!--more-->\n\n\n\n<div class=\"wp-block-image\"><figure class=\"alignleft size-large is-resized\"><img fetchpriority=\"high\" decoding=\"async\" src=\"https:\/\/www.portalalerta.com.br\/wp-content\/uploads\/2022\/04\/Real-Calcados-dia-das-maes-2022-1-538x1024.jpeg\" alt=\"\" class=\"wp-image-42352\" width=\"313\" height=\"596\"\/><\/figure><\/div>\n\n\n\n<p>De acordo com a publica\u00e7\u00e3o, Neto ainda n\u00e3o respondeu se ir\u00e1 participar. O evento batizado <strong><em>&#8220;Com Solidariedade e Lula a gente muda o Brasil&#8221;<\/em><\/strong> acontecer\u00e1 no dia 3 de maio.<\/p>\n\n\n\n<p>Al\u00e9m do ex-prefeito, foram convidados: Davi Alcolumbre (UNI\u00c3O-AP), Omar Aziz (PSD-AM), Renan Calheiros (MDB-AL) e Marcelo Ramos (PSD-AM), que confirmaram presen\u00e7a, e Cristovam Buarque (Cidadania-DF), que n\u00e3o respondeu.<\/p>\n\n\n\n<p><strong><em>&#8220;A ideia \u00e9 ampliar a alian\u00e7a, se n\u00e3o for com partidos, com personalidades que queiram tirar o Jair Bolsonaro&#8221;<\/em><\/strong>, disse Paulinho da For\u00e7a, presidente do Solidariedade.<\/p>\n\n\n\n<p><em>Fonte: Metro1<\/em><\/p>\n","protected":false},"excerpt":{"rendered":"<p>Pr\u00e9-candidato a governador da Bahia, ACM Neto (UNI\u00c3O) foi convidado para o evento do partido Solidariedade que declarar\u00e1 apoio \u00e0 candidatura presidencial de Lula (PT). A informa\u00e7\u00e3o \u00e9 da coluna Painel, do jornal Folha de S. Paulo.<\/p>\n","protected":false},"author":2,"featured_media":38894,"comment_status":"open","ping_status":"open","sticky":false,"template":"","format":"standard","meta":{"om_disable_all_campaigns":false,"_monsterinsights_skip_tracking":false,"_monsterinsights_sitenote_active":false,"_monsterinsights_sitenote_note":"","_monsterinsights_sitenote_category":0,"footnotes":""},"categories":[33,34,70,69,21],"tags":[722,54,93,303,1972,1294],"class_list":["post-42366","post","type-post","status-publish","format-standard","has-post-thumbnail","hentry","category-bahia","category-brasil","category-destaques","category-noticias2","category-politica","tag-acm-neto","tag-bahia","tag-brasil","tag-lula","tag-paulinho-da-forca","tag-solidariedade"],"aioseo_notices":[],"_links":{"self":[{"href":"https:\/\/www.portalalerta.com.br\/index.php\/wp-json\/wp\/v2\/posts\/42366","targetHints":{"allow":["GET"]}}],"collection":[{"href":"https:\/\/www.portalalerta.com.br\/index.php\/wp-json\/wp\/v2\/posts"}],"about":[{"href":"https:\/\/www.portalalerta.com.br\/index.php\/wp-json\/wp\/v2\/types\/post"}],"author":[{"embeddable":true,"href":"https:\/\/www.portalalerta.com.br\/index.php\/wp-json\/wp\/v2\/users\/2"}],"replies":[{"embeddable":true,"href":"https:\/\/www.portalalerta.com.br\/index.php\/wp-json\/wp\/v2\/comments?post=42366"}],"version-history":[{"count":1,"href":"https:\/\/www.portalalerta.com.br\/index.php\/wp-json\/wp\/v2\/posts\/42366\/revisions"}],"predecessor-version":[{"id":42367,"href":"https:\/\/www.portalalerta.com.br\/index.php\/wp-json\/wp\/v2\/posts\/42366\/revisions\/42367"}],"wp:featuredmedia":[{"embeddable":true,"href":"https:\/\/www.portalalerta.com.br\/index.php\/wp-json\/wp\/v2\/media\/38894"}],"wp:attachment":[{"href":"https:\/\/www.portalalerta.com.br\/index.php\/wp-json\/wp\/v2\/media?parent=42366"}],"wp:term":[{"taxonomy":"category","embeddable":true,"href":"https:\/\/www.portalalerta.com.br\/index.php\/wp-json\/wp\/v2\/categories?post=42366"},{"taxonomy":"post_tag","embeddable":true,"href":"https:\/\/www.portalalerta.com.br\/index.php\/wp-json\/wp\/v2\/tags?post=42366"}],"curies":[{"name":"wp","href":"https:\/\/api.w.org\/{rel}","templated":true}]}}