{"id":42368,"date":"2022-04-28T11:01:00","date_gmt":"2022-04-28T14:01:00","guid":{"rendered":"https:\/\/www.portalalerta.com.br\/?p=42368"},"modified":"2022-04-27T23:23:28","modified_gmt":"2022-04-28T02:23:28","slug":"mp-recomenda-que-euclides-da-cunha-ba-adote-medidas-para-combater-poluicao-sonora","status":"publish","type":"post","link":"https:\/\/www.portalalerta.com.br\/index.php\/2022\/04\/28\/mp-recomenda-que-euclides-da-cunha-ba-adote-medidas-para-combater-poluicao-sonora\/","title":{"rendered":"MP recomenda que Euclides da Cunha-BA adote medidas para combater polui\u00e7\u00e3o sonora"},"content":{"rendered":"\n<p>O Minist\u00e9rio P\u00fablico estadual recomendou ao prefeito de Euclides da Cunha, aos propriet\u00e1rios de estabelecimentos comerciais, de instrumentos sonoros, e a donos e condutores de ve\u00edculos, uma s\u00e9rie de medidas para combater a polui\u00e7\u00e3o sonora no munic\u00edpio. O promotor de Justi\u00e7a Samory Pereira Santos recomendou que o prefeito n\u00e3o conceda alvar\u00e1 sanit\u00e1rio, de funcionamento ou utiliza\u00e7\u00e3o de equipamento sonoro a estabelecimentos comerciais que estejam em desacordo com as leis sobre polui\u00e7\u00e3o sonora ou que n\u00e3o possuam sistema adequado de prote\u00e7\u00e3o ac\u00fastica e seguran\u00e7a.<\/p>\n\n\n\n<!--more-->\n\n\n\n<div class=\"wp-block-image\"><figure class=\"alignleft size-full is-resized\"><img fetchpriority=\"high\" decoding=\"async\" src=\"https:\/\/www.portalalerta.com.br\/wp-content\/uploads\/2021\/04\/ELAB.jpg\" alt=\"\" class=\"wp-image-34795\" width=\"384\" height=\"306\" srcset=\"https:\/\/www.portalalerta.com.br\/wp-content\/uploads\/2021\/04\/ELAB.jpg 1000w, https:\/\/www.portalalerta.com.br\/wp-content\/uploads\/2021\/04\/ELAB-300x240.jpg 300w, https:\/\/www.portalalerta.com.br\/wp-content\/uploads\/2021\/04\/ELAB-768x614.jpg 768w, https:\/\/www.portalalerta.com.br\/wp-content\/uploads\/2021\/04\/ELAB-183x146.jpg 183w, https:\/\/www.portalalerta.com.br\/wp-content\/uploads\/2021\/04\/ELAB-50x40.jpg 50w, https:\/\/www.portalalerta.com.br\/wp-content\/uploads\/2021\/04\/ELAB-94x75.jpg 94w\" sizes=\"(max-width: 384px) 100vw, 384px\" \/><\/figure><\/div>\n\n\n\n<p>A recomenda\u00e7\u00e3o, expedida ontem, dia 25, orienta os donos de instrumentos sonoros a evitarem o uso dos aparelhos sem o devido isolamento ou tratamento ac\u00fastico a partir das 22h em \u00e1reas habitadas, urbanas ou rurais, e antes das 8h ou depois das 00h, em qualquer volume, independentemente do dia da semana, com exce\u00e7\u00e3o de \u00e1reas previamente autorizadas pelas autoridades competentes. Aos propriet\u00e1rios de estabelecimentos comerciais o MP recomendou que co\u00edbam o uso de sons automotivos em suas depend\u00eancias e adjac\u00eancias, principalmente os chamados pared\u00f5es. Orientou, inclusive, que acionam a pol\u00edcia e n\u00e3o forne\u00e7am energia para os aparelhos nem a bateria dos autom\u00f3veis. Cabe a eles ainda afixar informe sobre a proibi\u00e7\u00e3o de reprodu\u00e7\u00e3o de som que possa ser ouvido fora do ve\u00edculo.<br><br>Os donos e condutores de carros foram recomendados a n\u00e3o usarem equipamentos que emitam som que possa ser ouvido fora dos autom\u00f3veis em qualquer volume ou frequ\u00eancia que perturbe o sossego p\u00fablico nas vias terrestres abertas \u00e0 circula\u00e7\u00e3o. Na recomenda\u00e7\u00e3o, o promotor de Justi\u00e7a Samory Pereira Santos levou em considera\u00e7\u00e3o diversas not\u00edcias de polui\u00e7\u00e3o sonora ocasionada por estabelecimentos comerciais, sons e descargas automotivas, eventos privados e outras situa\u00e7\u00f5es, com abuso dos instrumentos sonoros e excesso de volume em zonas residenciais e nas vias p\u00fablicas do Munic\u00edpio de Euclides da Cunha.<\/p>\n\n\n\n<p><em>Fonte: Cleriston Silva<\/em><\/p>\n","protected":false},"excerpt":{"rendered":"<p>O Minist\u00e9rio P\u00fablico estadual recomendou ao prefeito de Euclides da Cunha, aos propriet\u00e1rios de estabelecimentos comerciais, de instrumentos sonoros, e a donos e condutores de ve\u00edculos, uma s\u00e9rie de medidas para combater a polui\u00e7\u00e3o sonora no munic\u00edpio. O promotor de Justi\u00e7a Samory Pereira Santos recomendou que o prefeito n\u00e3o conceda alvar\u00e1 sanit\u00e1rio, de funcionamento ou &hellip;<\/p>\n","protected":false},"author":2,"featured_media":38885,"comment_status":"open","ping_status":"open","sticky":false,"template":"","format":"standard","meta":{"om_disable_all_campaigns":false,"_monsterinsights_skip_tracking":false,"_monsterinsights_sitenote_active":false,"_monsterinsights_sitenote_note":"","_monsterinsights_sitenote_category":0,"footnotes":""},"categories":[70,17,69,32],"tags":[129,352,4360],"class_list":["post-42368","post","type-post","status-publish","format-standard","has-post-thumbnail","hentry","category-destaques","category-euclides-da-cunha","category-noticias2","category-regiao","tag-euclides-da-cunha","tag-ministerio-publico","tag-poluicao-sonora"],"aioseo_notices":[],"_links":{"self":[{"href":"https:\/\/www.portalalerta.com.br\/index.php\/wp-json\/wp\/v2\/posts\/42368","targetHints":{"allow":["GET"]}}],"collection":[{"href":"https:\/\/www.portalalerta.com.br\/index.php\/wp-json\/wp\/v2\/posts"}],"about":[{"href":"https:\/\/www.portalalerta.com.br\/index.php\/wp-json\/wp\/v2\/types\/post"}],"author":[{"embeddable":true,"href":"https:\/\/www.portalalerta.com.br\/index.php\/wp-json\/wp\/v2\/users\/2"}],"replies":[{"embeddable":true,"href":"https:\/\/www.portalalerta.com.br\/index.php\/wp-json\/wp\/v2\/comments?post=42368"}],"version-history":[{"count":1,"href":"https:\/\/www.portalalerta.com.br\/index.php\/wp-json\/wp\/v2\/posts\/42368\/revisions"}],"predecessor-version":[{"id":42369,"href":"https:\/\/www.portalalerta.com.br\/index.php\/wp-json\/wp\/v2\/posts\/42368\/revisions\/42369"}],"wp:featuredmedia":[{"embeddable":true,"href":"https:\/\/www.portalalerta.com.br\/index.php\/wp-json\/wp\/v2\/media\/38885"}],"wp:attachment":[{"href":"https:\/\/www.portalalerta.com.br\/index.php\/wp-json\/wp\/v2\/media?parent=42368"}],"wp:term":[{"taxonomy":"category","embeddable":true,"href":"https:\/\/www.portalalerta.com.br\/index.php\/wp-json\/wp\/v2\/categories?post=42368"},{"taxonomy":"post_tag","embeddable":true,"href":"https:\/\/www.portalalerta.com.br\/index.php\/wp-json\/wp\/v2\/tags?post=42368"}],"curies":[{"name":"wp","href":"https:\/\/api.w.org\/{rel}","templated":true}]}}