{"id":42370,"date":"2022-04-28T11:02:00","date_gmt":"2022-04-28T14:02:00","guid":{"rendered":"https:\/\/www.portalalerta.com.br\/?p=42370"},"modified":"2022-04-27T23:30:14","modified_gmt":"2022-04-28T02:30:14","slug":"oposicao-ameaca-ir-a-justica-se-adolfo-menezes-barrar-cpi-sobre-compra-de-respiradores","status":"publish","type":"post","link":"https:\/\/www.portalalerta.com.br\/index.php\/2022\/04\/28\/oposicao-ameaca-ir-a-justica-se-adolfo-menezes-barrar-cpi-sobre-compra-de-respiradores\/","title":{"rendered":"Oposi\u00e7\u00e3o amea\u00e7a ir \u00e0 Justi\u00e7a se Adolfo Menezes barrar CPI sobre compra de respiradores"},"content":{"rendered":"\n<p>Opositores querem usar precedente do STF para garantir abertura de comiss\u00e3o na AL-BA<\/p>\n\n\n\n<!--more-->\n\n\n\n<p>Integrantes da bancada de oposi\u00e7\u00e3o t\u00eam dito, reservadamente, que v\u00e3o \u00e0 Justi\u00e7a caso o presidente da Assembleia Legislativa da Bahia (AL-BA), Adolfo Menezes (PSD), impe\u00e7a a abertura de Comiss\u00e3o Parlamentar de Inqu\u00e9rito (CPI) sobre a compra de respiradores.<\/p>\n\n\n\n<div class=\"wp-block-image\"><figure class=\"aligncenter size-full\"><img fetchpriority=\"high\" decoding=\"async\" width=\"720\" height=\"181\" src=\"https:\/\/www.portalalerta.com.br\/wp-content\/uploads\/2018\/02\/Auto-Escola-Nobre.jpg\" alt=\"\" class=\"wp-image-4869\" srcset=\"https:\/\/www.portalalerta.com.br\/wp-content\/uploads\/2018\/02\/Auto-Escola-Nobre.jpg 720w, https:\/\/www.portalalerta.com.br\/wp-content\/uploads\/2018\/02\/Auto-Escola-Nobre-260x65.jpg 260w, https:\/\/www.portalalerta.com.br\/wp-content\/uploads\/2018\/02\/Auto-Escola-Nobre-50x13.jpg 50w, https:\/\/www.portalalerta.com.br\/wp-content\/uploads\/2018\/02\/Auto-Escola-Nobre-150x38.jpg 150w\" sizes=\"(max-width: 720px) 100vw, 720px\" \/><\/figure><\/div>\n\n\n\n<p>Ao&nbsp;<strong>Metro1<\/strong>, l\u00edderes da minoria lembraram que, ap\u00f3s pedido de senadores, o Supremo Tribunal Federal (STF) determinou a abertura da CPI da Covid. Na avalia\u00e7\u00e3o deles, o precedente pode ser aplicado para a AL-BA.<\/p>\n\n\n\n<p>Nesta ter\u00e7a-feira (26), a bancada da minoria conseguiu reunir \u00e0s 21 assinaturas &#8211; n\u00famero m\u00ednimo previsto pelo regimento interno da AL-BA &#8211; para pedir a abertura do colegiado.&nbsp;&nbsp;<\/p>\n\n\n\n<p><strong><em>&#8220;Mais do que nunca a AL-BA, independente de partido ou de posi\u00e7\u00e3o pol\u00edtica, tem a obriga\u00e7\u00e3o de apurar este caso&#8221;<\/em><\/strong>, declarou o l\u00edder Sandro R\u00e9gis (UNI\u00c3O) nesta ter\u00e7a-feira.<\/p>\n\n\n\n<p><em>Fonte: Metro1<\/em><\/p>\n","protected":false},"excerpt":{"rendered":"<p>Opositores querem usar precedente do STF para garantir abertura de comiss\u00e3o na AL-BA<\/p>\n","protected":false},"author":2,"featured_media":42371,"comment_status":"open","ping_status":"open","sticky":false,"template":"","format":"standard","meta":{"om_disable_all_campaigns":false,"_monsterinsights_skip_tracking":false,"_monsterinsights_sitenote_active":false,"_monsterinsights_sitenote_note":"","_monsterinsights_sitenote_category":0,"footnotes":""},"categories":[33,70,69,21],"tags":[478,54,721,5390,646],"class_list":["post-42370","post","type-post","status-publish","format-standard","has-post-thumbnail","hentry","category-bahia","category-destaques","category-noticias2","category-politica","tag-alba","tag-bahia","tag-cpi","tag-cpi-dos-respiradores","tag-oposicao"],"aioseo_notices":[],"_links":{"self":[{"href":"https:\/\/www.portalalerta.com.br\/index.php\/wp-json\/wp\/v2\/posts\/42370","targetHints":{"allow":["GET"]}}],"collection":[{"href":"https:\/\/www.portalalerta.com.br\/index.php\/wp-json\/wp\/v2\/posts"}],"about":[{"href":"https:\/\/www.portalalerta.com.br\/index.php\/wp-json\/wp\/v2\/types\/post"}],"author":[{"embeddable":true,"href":"https:\/\/www.portalalerta.com.br\/index.php\/wp-json\/wp\/v2\/users\/2"}],"replies":[{"embeddable":true,"href":"https:\/\/www.portalalerta.com.br\/index.php\/wp-json\/wp\/v2\/comments?post=42370"}],"version-history":[{"count":1,"href":"https:\/\/www.portalalerta.com.br\/index.php\/wp-json\/wp\/v2\/posts\/42370\/revisions"}],"predecessor-version":[{"id":42372,"href":"https:\/\/www.portalalerta.com.br\/index.php\/wp-json\/wp\/v2\/posts\/42370\/revisions\/42372"}],"wp:featuredmedia":[{"embeddable":true,"href":"https:\/\/www.portalalerta.com.br\/index.php\/wp-json\/wp\/v2\/media\/42371"}],"wp:attachment":[{"href":"https:\/\/www.portalalerta.com.br\/index.php\/wp-json\/wp\/v2\/media?parent=42370"}],"wp:term":[{"taxonomy":"category","embeddable":true,"href":"https:\/\/www.portalalerta.com.br\/index.php\/wp-json\/wp\/v2\/categories?post=42370"},{"taxonomy":"post_tag","embeddable":true,"href":"https:\/\/www.portalalerta.com.br\/index.php\/wp-json\/wp\/v2\/tags?post=42370"}],"curies":[{"name":"wp","href":"https:\/\/api.w.org\/{rel}","templated":true}]}}