{"id":42417,"date":"2022-04-30T20:34:26","date_gmt":"2022-04-30T23:34:26","guid":{"rendered":"https:\/\/www.portalalerta.com.br\/?p=42417"},"modified":"2022-04-30T20:34:28","modified_gmt":"2022-04-30T23:34:28","slug":"deputado-federal-jose-nunes-toma-posse-como-secretario-da-sde","status":"publish","type":"post","link":"https:\/\/www.portalalerta.com.br\/index.php\/2022\/04\/30\/deputado-federal-jose-nunes-toma-posse-como-secretario-da-sde\/","title":{"rendered":"Deputado federal Jos\u00e9 Nunes toma posse como secret\u00e1rio da SDE"},"content":{"rendered":"\n<p>O deputado federal Jos\u00e9 Nunes tomou posse como secret\u00e1rio de Desenvolvimento Econ\u00f4mico do Estado da Bahia na quinta-feira (28). Nunes sucede o engenheiro qu\u00edmico Paulo Guimar\u00e3es, que estava no cargo interinamente desde mar\u00e7o. Familiares, amigos e lideran\u00e7as pol\u00edticas locais, estaduais e federais prestigiaram a cerim\u00f4nia, realizada no audit\u00f3rio da secretaria.<\/p>\n\n\n\n<!--more-->\n\n\n\n<div class=\"wp-block-image\"><figure class=\"alignleft size-large is-resized\"><img fetchpriority=\"high\" decoding=\"async\" src=\"https:\/\/www.portalalerta.com.br\/wp-content\/uploads\/2022\/04\/Real-Calcados-dia-das-maes-2022-1-538x1024.jpeg\" alt=\"\" class=\"wp-image-42352\" width=\"395\" height=\"752\"\/><\/figure><\/div>\n\n\n\n<p>No terceiro mandato como deputado federal, Nunes \u00e9 empres\u00e1rio, formado em Direito pela Universidade Federal de Sousa, na Para\u00edba, foi deputado estadual por quatro mandatos e prefeito do munic\u00edpio baiano de Euclides da Cunha entre 1988 e 1992.<\/p>\n\n\n\n<p>Com a chegada de Nunes na SDE, Paulo Magalh\u00e3es (PSD) volta para a C\u00e2mara dos Deputados. Ele era suplente do ex-secret\u00e1rio de Desenvolvimento Rural, Josias Gomes (PT), que retomou o seu mandato de deputado federal.<\/p>\n\n\n\n<p>A nomea\u00e7\u00e3o tamb\u00e9m se torna um impeditivo para que Nunes volte a ser candidato em 2022. O prazo para desincompatibiliza\u00e7\u00e3o para quem disputa o pleito encerrou no in\u00edcio de abril e, ao assumir como secret\u00e1rio, o parlamentar deixa de participar do pleito no pr\u00f3ximo m\u00eas de outubro. Em seu lugar deve concorrer o seu filho, Gabriel Nunes, que \u00e9 pr\u00e9-candidato a deputado federal.<\/p>\n\n\n\n<p><em>Fonte: Cival Anjos<\/em><\/p>\n\n\n\n<p><em>Com informa\u00e7\u00f5es:<\/em><em> Portal Bahia Not\u00edcias<\/em><\/p>\n","protected":false},"excerpt":{"rendered":"<p>O deputado federal Jos\u00e9 Nunes tomou posse como secret\u00e1rio de Desenvolvimento Econ\u00f4mico do Estado da Bahia na quinta-feira (28). Nunes sucede o engenheiro qu\u00edmico Paulo Guimar\u00e3es, que estava no cargo interinamente desde mar\u00e7o. Familiares, amigos e lideran\u00e7as pol\u00edticas locais, estaduais e federais prestigiaram a cerim\u00f4nia, realizada no audit\u00f3rio da secretaria.<\/p>\n","protected":false},"author":2,"featured_media":42418,"comment_status":"open","ping_status":"open","sticky":false,"template":"","format":"standard","meta":{"om_disable_all_campaigns":false,"_monsterinsights_skip_tracking":false,"_monsterinsights_sitenote_active":false,"_monsterinsights_sitenote_note":"","_monsterinsights_sitenote_category":0,"footnotes":""},"categories":[33,70,69,21],"tags":[54,1445,603,4151],"class_list":["post-42417","post","type-post","status-publish","format-standard","has-post-thumbnail","hentry","category-bahia","category-destaques","category-noticias2","category-politica","tag-bahia","tag-jose-nunes","tag-posse","tag-secretaria-do-desenvolvimento-economico"],"aioseo_notices":[],"_links":{"self":[{"href":"https:\/\/www.portalalerta.com.br\/index.php\/wp-json\/wp\/v2\/posts\/42417","targetHints":{"allow":["GET"]}}],"collection":[{"href":"https:\/\/www.portalalerta.com.br\/index.php\/wp-json\/wp\/v2\/posts"}],"about":[{"href":"https:\/\/www.portalalerta.com.br\/index.php\/wp-json\/wp\/v2\/types\/post"}],"author":[{"embeddable":true,"href":"https:\/\/www.portalalerta.com.br\/index.php\/wp-json\/wp\/v2\/users\/2"}],"replies":[{"embeddable":true,"href":"https:\/\/www.portalalerta.com.br\/index.php\/wp-json\/wp\/v2\/comments?post=42417"}],"version-history":[{"count":1,"href":"https:\/\/www.portalalerta.com.br\/index.php\/wp-json\/wp\/v2\/posts\/42417\/revisions"}],"predecessor-version":[{"id":42419,"href":"https:\/\/www.portalalerta.com.br\/index.php\/wp-json\/wp\/v2\/posts\/42417\/revisions\/42419"}],"wp:featuredmedia":[{"embeddable":true,"href":"https:\/\/www.portalalerta.com.br\/index.php\/wp-json\/wp\/v2\/media\/42418"}],"wp:attachment":[{"href":"https:\/\/www.portalalerta.com.br\/index.php\/wp-json\/wp\/v2\/media?parent=42417"}],"wp:term":[{"taxonomy":"category","embeddable":true,"href":"https:\/\/www.portalalerta.com.br\/index.php\/wp-json\/wp\/v2\/categories?post=42417"},{"taxonomy":"post_tag","embeddable":true,"href":"https:\/\/www.portalalerta.com.br\/index.php\/wp-json\/wp\/v2\/tags?post=42417"}],"curies":[{"name":"wp","href":"https:\/\/api.w.org\/{rel}","templated":true}]}}