{"id":42423,"date":"2022-05-02T17:06:48","date_gmt":"2022-05-02T20:06:48","guid":{"rendered":"https:\/\/www.portalalerta.com.br\/?p=42423"},"modified":"2022-05-02T17:06:49","modified_gmt":"2022-05-02T20:06:49","slug":"apos-nova-gafe-de-lula-pt-se-reune-para-definir-comunicacao-da-campanha","status":"publish","type":"post","link":"https:\/\/www.portalalerta.com.br\/index.php\/2022\/05\/02\/apos-nova-gafe-de-lula-pt-se-reune-para-definir-comunicacao-da-campanha\/","title":{"rendered":"Ap\u00f3s nova gafe de Lula, PT se re\u00fane para definir comunica\u00e7\u00e3o da campanha"},"content":{"rendered":"\n<p>A c\u00fapula do Partido dos Trabalhadores (PT) vai se reunir nesta segunda-feira (2) para definir quem assumir\u00e1 a campanha de comunica\u00e7\u00e3o do ex-presidente\u00a0Luiz In\u00e1cio Lula da Silva (PT)\u00a0\u2014Franklin Martins \u00e9 hoje o chefe de comunica\u00e7\u00e3o da campanha do petista.<\/p>\n\n\n\n<!--more-->\n\n\n\n<p>Segundo informa\u00e7\u00f5es da coluna do Lauro Jardim, do jornal O Globo, na \u00faltima sexta (29), o mesmo grupo se reuniu para discutir o tema, mas n\u00e3o se chegou a nenhuma conclus\u00e3o.<\/p>\n\n\n\n<div class=\"wp-block-image\"><figure class=\"alignleft size-full is-resized\"><img fetchpriority=\"high\" decoding=\"async\" src=\"https:\/\/www.portalalerta.com.br\/wp-content\/uploads\/2021\/04\/ELAB.jpg\" alt=\"\" class=\"wp-image-34795\" width=\"384\" height=\"306\" srcset=\"https:\/\/www.portalalerta.com.br\/wp-content\/uploads\/2021\/04\/ELAB.jpg 1000w, https:\/\/www.portalalerta.com.br\/wp-content\/uploads\/2021\/04\/ELAB-300x240.jpg 300w, https:\/\/www.portalalerta.com.br\/wp-content\/uploads\/2021\/04\/ELAB-768x614.jpg 768w, https:\/\/www.portalalerta.com.br\/wp-content\/uploads\/2021\/04\/ELAB-183x146.jpg 183w, https:\/\/www.portalalerta.com.br\/wp-content\/uploads\/2021\/04\/ELAB-50x40.jpg 50w, https:\/\/www.portalalerta.com.br\/wp-content\/uploads\/2021\/04\/ELAB-94x75.jpg 94w\" sizes=\"(max-width: 384px) 100vw, 384px\" \/><\/figure><\/div>\n\n\n\n<p>Ainda de acordo com o jornal, o favorito para o posto \u00e9 Edinho Silva, ex-ministro chefe da Secom (Secretaria Especial de Comunica\u00e7\u00e3o Social) no governo de Dilma Rousseff (PT), atual prefeito de Araraquara e um dos coordenadores da campanha de Fernando Haddad (PT) ao governo de S\u00e3o Paulo.<\/p>\n\n\n\n<p>A mudan\u00e7a acontece em meio a uma \u201ccrise\u201d na comunica\u00e7\u00e3o da campanha de Lula, se comparada com a do atual presidente\u00a0Jair Bolsonaro (PL).<\/p>\n\n\n\n<p>O petista pediu desculpa a profissionais da seguran\u00e7a no domingo, durante o ato de 1\u00b0 de Maio em S\u00e3o Paulo, por ter afirmado que o atual chefe do Executivo<strong><em>\u00a0\u201cn\u00e3o gosta de gente, mas gosta \u00e9 de policial\u201d.<\/em><\/strong><\/p>\n\n\n\n<p><strong><em>\u201cEu ontem cometi um erro quando quis dizer que Bolsonaro n\u00e3o gosta de gente, s\u00f3 de pol\u00edcia. Gostaria de pedir desculpas aos profissionais da seguran\u00e7a. Eu que vivo pedindo que a imprensa admita seus erros contra mim, n\u00e3o poderia deixar de pedir desculpas pelo meu erro\u201d<\/em><\/strong>, disse.<\/p>\n\n\n\n<p>A frase de Lula repercutiu negativamente e foi explorada por apoiadores de Bolsonaro e pelo pr\u00e9-candidato \u00e0 Presid\u00eancia, Ciro Gomes (PDT), nas redes sociais.<\/p>\n\n\n\n<p><em>Fonte: Yahoo Not\u00edcias<\/em><\/p>\n","protected":false},"excerpt":{"rendered":"<p>A c\u00fapula do Partido dos Trabalhadores (PT) vai se reunir nesta segunda-feira (2) para definir quem assumir\u00e1 a campanha de comunica\u00e7\u00e3o do ex-presidente\u00a0Luiz In\u00e1cio Lula da Silva (PT)\u00a0\u2014Franklin Martins \u00e9 hoje o chefe de comunica\u00e7\u00e3o da campanha do petista.<\/p>\n","protected":false},"author":2,"featured_media":23843,"comment_status":"open","ping_status":"open","sticky":false,"template":"","format":"standard","meta":{"om_disable_all_campaigns":false,"_monsterinsights_skip_tracking":false,"_monsterinsights_sitenote_active":false,"_monsterinsights_sitenote_note":"","_monsterinsights_sitenote_category":0,"footnotes":""},"categories":[34,70,69,21],"tags":[93,1736,303,104],"class_list":["post-42423","post","type-post","status-publish","format-standard","has-post-thumbnail","hentry","category-brasil","category-destaques","category-noticias2","category-politica","tag-brasil","tag-desculpas","tag-lula","tag-policia"],"aioseo_notices":[],"_links":{"self":[{"href":"https:\/\/www.portalalerta.com.br\/index.php\/wp-json\/wp\/v2\/posts\/42423","targetHints":{"allow":["GET"]}}],"collection":[{"href":"https:\/\/www.portalalerta.com.br\/index.php\/wp-json\/wp\/v2\/posts"}],"about":[{"href":"https:\/\/www.portalalerta.com.br\/index.php\/wp-json\/wp\/v2\/types\/post"}],"author":[{"embeddable":true,"href":"https:\/\/www.portalalerta.com.br\/index.php\/wp-json\/wp\/v2\/users\/2"}],"replies":[{"embeddable":true,"href":"https:\/\/www.portalalerta.com.br\/index.php\/wp-json\/wp\/v2\/comments?post=42423"}],"version-history":[{"count":1,"href":"https:\/\/www.portalalerta.com.br\/index.php\/wp-json\/wp\/v2\/posts\/42423\/revisions"}],"predecessor-version":[{"id":42424,"href":"https:\/\/www.portalalerta.com.br\/index.php\/wp-json\/wp\/v2\/posts\/42423\/revisions\/42424"}],"wp:featuredmedia":[{"embeddable":true,"href":"https:\/\/www.portalalerta.com.br\/index.php\/wp-json\/wp\/v2\/media\/23843"}],"wp:attachment":[{"href":"https:\/\/www.portalalerta.com.br\/index.php\/wp-json\/wp\/v2\/media?parent=42423"}],"wp:term":[{"taxonomy":"category","embeddable":true,"href":"https:\/\/www.portalalerta.com.br\/index.php\/wp-json\/wp\/v2\/categories?post=42423"},{"taxonomy":"post_tag","embeddable":true,"href":"https:\/\/www.portalalerta.com.br\/index.php\/wp-json\/wp\/v2\/tags?post=42423"}],"curies":[{"name":"wp","href":"https:\/\/api.w.org\/{rel}","templated":true}]}}