{"id":42425,"date":"2022-05-02T17:16:41","date_gmt":"2022-05-02T20:16:41","guid":{"rendered":"https:\/\/www.portalalerta.com.br\/?p=42425"},"modified":"2022-05-02T17:16:42","modified_gmt":"2022-05-02T20:16:42","slug":"acidente-de-transito-deixa-uma-vitima-fatal-em-cicero-dantas-ba-2","status":"publish","type":"post","link":"https:\/\/www.portalalerta.com.br\/index.php\/2022\/05\/02\/acidente-de-transito-deixa-uma-vitima-fatal-em-cicero-dantas-ba-2\/","title":{"rendered":"Acidente de tr\u00e2nsito deixa uma v\u00edtima fatal em C\u00edcero Dantas-BA"},"content":{"rendered":"\n<p>Um acidente ocorrido na noite da \u00faltima sexta-feira (29), deixou uma v\u00edtima fatal em C\u00edcero Dantas-BA.<\/p>\n\n\n\n<!--more-->\n\n\n\n<div class=\"wp-block-image\"><figure class=\"alignleft size-large is-resized\"><img fetchpriority=\"high\" decoding=\"async\" src=\"https:\/\/www.portalalerta.com.br\/wp-content\/uploads\/2022\/04\/Real-Calcados-dia-das-maes-2022-1-538x1024.jpeg\" alt=\"\" class=\"wp-image-42352\" width=\"391\" height=\"744\"\/><\/figure><\/div>\n\n\n\n<p>Duas pessoas que estavam a bordo de uma motocicleta Yamaha YBR, ca\u00edram quando transitavam pela estrada da Bet\u00e2nia. O condutor do ve\u00edculo foi socorrido para o Hospital Luiz Eduardo Magalh\u00e3es, no referido munic\u00edpio, onde n\u00e3o teve o seu quadro cl\u00ednico divulgado. J\u00e1 o passageiro, identificado como Arnaldo Alves Silva, n\u00e3o resistiu e teve o seu \u00f3bito contatado ainda no local.<\/p>\n\n\n\n<p>O caso foi informado aos policiais militares da cidade, que estiveram no local onde lavraram o Registro de Acidente de Tr\u00e2nsito, bem como acionaram o Departamento de Pol\u00edcia T\u00e9cnica (DPT \u2013 Euclides da Cunha), para a realiza\u00e7\u00e3o da per\u00edcia, bem como a remo\u00e7\u00e3o do para ser autopsiado.<\/p>\n\n\n\n<p><em>Reda\u00e7\u00e3o: Portal Alerta<\/em><\/p>\n\n\n\n<p><em>Imagem: Ilustrativa <\/em><\/p>\n","protected":false},"excerpt":{"rendered":"<p>Um acidente ocorrido na noite da \u00faltima sexta-feira (29), deixou uma v\u00edtima fatal em C\u00edcero Dantas-BA.<\/p>\n","protected":false},"author":2,"featured_media":42426,"comment_status":"open","ping_status":"open","sticky":false,"template":"","format":"standard","meta":{"om_disable_all_campaigns":false,"_monsterinsights_skip_tracking":false,"_monsterinsights_sitenote_active":false,"_monsterinsights_sitenote_note":"","_monsterinsights_sitenote_category":0,"footnotes":""},"categories":[4,70,69,32],"tags":[166,75,299,169,190],"class_list":["post-42425","post","type-post","status-publish","format-standard","has-post-thumbnail","hentry","category-cicero-dantas","category-destaques","category-noticias2","category-regiao","tag-acidente","tag-cicero-dantas","tag-ferido","tag-morte","tag-tucano"],"aioseo_notices":[],"_links":{"self":[{"href":"https:\/\/www.portalalerta.com.br\/index.php\/wp-json\/wp\/v2\/posts\/42425","targetHints":{"allow":["GET"]}}],"collection":[{"href":"https:\/\/www.portalalerta.com.br\/index.php\/wp-json\/wp\/v2\/posts"}],"about":[{"href":"https:\/\/www.portalalerta.com.br\/index.php\/wp-json\/wp\/v2\/types\/post"}],"author":[{"embeddable":true,"href":"https:\/\/www.portalalerta.com.br\/index.php\/wp-json\/wp\/v2\/users\/2"}],"replies":[{"embeddable":true,"href":"https:\/\/www.portalalerta.com.br\/index.php\/wp-json\/wp\/v2\/comments?post=42425"}],"version-history":[{"count":1,"href":"https:\/\/www.portalalerta.com.br\/index.php\/wp-json\/wp\/v2\/posts\/42425\/revisions"}],"predecessor-version":[{"id":42427,"href":"https:\/\/www.portalalerta.com.br\/index.php\/wp-json\/wp\/v2\/posts\/42425\/revisions\/42427"}],"wp:featuredmedia":[{"embeddable":true,"href":"https:\/\/www.portalalerta.com.br\/index.php\/wp-json\/wp\/v2\/media\/42426"}],"wp:attachment":[{"href":"https:\/\/www.portalalerta.com.br\/index.php\/wp-json\/wp\/v2\/media?parent=42425"}],"wp:term":[{"taxonomy":"category","embeddable":true,"href":"https:\/\/www.portalalerta.com.br\/index.php\/wp-json\/wp\/v2\/categories?post=42425"},{"taxonomy":"post_tag","embeddable":true,"href":"https:\/\/www.portalalerta.com.br\/index.php\/wp-json\/wp\/v2\/tags?post=42425"}],"curies":[{"name":"wp","href":"https:\/\/api.w.org\/{rel}","templated":true}]}}